{"id":24651,"date":"2017-08-19T04:05:00","date_gmt":"2017-08-19T08:05:00","guid":{"rendered":"https:\/\/firstaidcanada.com\/solar-eclipse-safety\/"},"modified":"2023-09-08T16:30:06","modified_gmt":"2023-09-08T20:30:06","slug":"solar-eclipse-safety","status":"publish","type":"post","link":"https:\/\/firstaidcanada.com\/fr\/solar-eclipse-safety\/","title":{"rendered":"S\u00e9curit\u00e9 lors d&#039;une \u00e9clipse solaire \u2013 21 ao\u00fbt 2017"},"content":{"rendered":"<p><h2><img loading=\"lazy\" decoding=\"async\" title=\"S\u00e9curit\u00e9 en cas d&#039;\u00e9clipse solaire\" src=\"https:\/\/firstaidcanada.com\/wp-content\/uploads\/2019\/11\/SolarEclipseSafety.jpg\" alt=\"Canoe in sunset\" width=\"600\" height=\"399\" \/><\/h2>\n<h2>Consignes de s\u00e9curit\u00e9 pour l&#039;\u00e9clipse solaire du 21 ao\u00fbt 2017<\/h2>\n<p>Saviez-vous que le 21 ao\u00fbt<sup>St<\/sup> Y aura-t-il une \u00e9clipse solaire ?<\/p>\n<p>C&#039;est une occasion unique de voir quelque chose d&#039;exceptionnel. Ne la ratez surtout pas !<\/p>\n<p>Pour plus d&#039;informations sur le calendrier et les phases de l&#039;\u00e9clipse solaire, <a title=\"Lunettes d&#039;\u00e9clipse\" href=\"https:\/\/www.timeanddate.com\/eclipse\/in\/canada\/toronto\" target=\"_self\" rel=\"noopener\">Cliquez ici<\/a>.<\/p>\n<p> Saviez-vous \u00e9galement qu&#039;une \u00e9clipse solaire peut \u00eatre dangereuse pour les yeux\u00a0? Pour plus d&#039;informations sur les pr\u00e9cautions \u00e0 prendre lors d&#039;une \u00e9clipse, <a title=\"Cliquez ici pour plus d&#039;informations de la NASA\" href=\"https:\/\/www.nasa.gov\/content\/eye-safety-during-a-total-solar-eclipse\" target=\"_self\" rel=\"noopener\">Cliquez ici pour obtenir des informations de la NASA<\/a>.<\/p>\n<p>Il est pr\u00e9f\u00e9rable de se munir de lunettes sp\u00e9ciales pour bien prot\u00e9ger ses yeux et avoir la possibilit\u00e9 d&#039;observer l&#039;\u00e9clipse au mieux.<\/p>\n<p>Des lunettes pour \u00e9clipse sont disponibles <a title=\"Lunettes d&#039;\u00e9clipse\" href=\"https:\/\/www.informationvine.com\/index?qsrc=999&amp;qo=semQuery&amp;ad=semD&amp;o=603533&amp;l=sem&amp;askid=67b97652-7a89-4c09-bd64-be8c17575c3e-0-iv_gsb&amp;q=where%20can%20i%20buy%20eclipse%20glasses&amp;dqi=&amp;am=broad&amp;an=google_s\" target=\"_self\" rel=\"noopener\">ici<\/a>.<\/p>\n<p> Nous esp\u00e9rons que vous passerez une merveilleuse soir\u00e9e en famille et entre amis !<\/p>\n<p>Restez en s\u00e9curit\u00e9 et profitez de la vue !<\/p>\n<h2><em>La vie est pr\u00e9cieuse. Soyez pr\u00eat.<\/em><\/h2><\/p>","protected":false},"excerpt":{"rendered":"<p>Solar Eclipse Safety &ndash; August 21, 2017 Did you know on August 21st there will be a solar eclipse? This is a once in a lifetime opportunity to see something very special. Be sure you do not miss it! For more information on timing and phases of the solar eclipse, click here. Did you also<a href=\"https:\/\/firstaidcanada.com\/fr\/solar-eclipse-safety\/\">Poursuivez votre lecture <span class=\"sr-only\">&#8220;Solar Eclipse Safety \u201a\u00c4\u00ec August 21, 2017&#8221;<\/span><\/a><\/p>","protected":false},"author":7265,"featured_media":24652,"comment_status":"closed","ping_status":"closed","sticky":false,"template":"","format":"standard","meta":{"_acf_changed":false,"ep_exclude_from_search":false,"footnotes":""},"categories":[1482,1512],"tags":[1868,1870,1869,1867],"class_list":["post-24651","post","type-post","status-publish","format-standard","has-post-thumbnail","hentry","category-blog","category-safety","tag-eclipse","tag-eye-safety","tag-eye-wear","tag-solar-eclipse"],"acf":[],"yoast_head":"<!-- This site is optimized with the Yoast SEO plugin v28.2 - https:\/\/yoast.com\/product\/yoast-seo-wordpress\/ -->\n<title>Solar Eclipse Safety \u201a\u00c4\u00ec August 21, 2017 - First Aid Canada<\/title>\n<meta name=\"robots\" content=\"index, follow, max-snippet:-1, max-image-preview:large, max-video-preview:-1\" \/>\n<link rel=\"canonical\" href=\"https:\/\/firstaidcanada.com\/fr\/solar-eclipse-safety\/\" \/>\n<meta property=\"og:locale\" content=\"fr_CA\" \/>\n<meta property=\"og:type\" content=\"article\" \/>\n<meta property=\"og:title\" content=\"Solar Eclipse Safety \u201a\u00c4\u00ec August 21, 2017 - First Aid Canada\" \/>\n<meta property=\"og:description\" content=\"Solar Eclipse Safety &ndash; August 21, 2017 Did you know on August 21st there will be a solar eclipse? This is a once in a lifetime opportunity to see something very special. Be sure you do not miss it! For more information on timing and phases of the solar eclipse, click here. Did you alsoContinue reading &quot;Solar Eclipse Safety \u201a\u00c4\u00ec August 21, 2017&quot;\" \/>\n<meta property=\"og:url\" content=\"https:\/\/firstaidcanada.com\/fr\/solar-eclipse-safety\/\" \/>\n<meta property=\"og:site_name\" content=\"First Aid Canada\" \/>\n<meta property=\"article:publisher\" content=\"https:\/\/www.facebook.com\/FirstAidCanada\" \/>\n<meta property=\"article:published_time\" content=\"2017-08-19T08:05:00+00:00\" \/>\n<meta property=\"article:modified_time\" content=\"2023-09-08T20:30:06+00:00\" \/>\n<meta property=\"og:image\" content=\"https:\/\/firstaidcanada.com\/wp-content\/uploads\/2019\/11\/SolarEclipseSafety.jpg\" \/>\n\t<meta property=\"og:image:width\" content=\"600\" \/>\n\t<meta property=\"og:image:height\" content=\"399\" \/>\n\t<meta property=\"og:image:type\" content=\"image\/jpeg\" \/>\n<meta name=\"author\" content=\"Ryan T\" \/>\n<meta name=\"twitter:card\" content=\"summary_large_image\" \/>\n<meta name=\"twitter:creator\" content=\"@firstaidcanada\" \/>\n<meta name=\"twitter:site\" content=\"@firstaidcanada\" \/>\n<meta name=\"twitter:label1\" content=\"Written by\" \/>\n\t<meta name=\"twitter:data1\" content=\"Ryan T\" \/>\n\t<meta name=\"twitter:label2\" content=\"Est. reading time\" \/>\n\t<meta name=\"twitter:data2\" content=\"1 minute\" \/>\n<script type=\"application\/ld+json\" class=\"yoast-schema-graph\">{\"@context\":\"https:\\\/\\\/schema.org\",\"@graph\":[{\"@type\":\"Article\",\"@id\":\"https:\\\/\\\/firstaidcanada.com\\\/solar-eclipse-safety\\\/#article\",\"isPartOf\":{\"@id\":\"https:\\\/\\\/firstaidcanada.com\\\/solar-eclipse-safety\\\/\"},\"author\":{\"name\":\"Ryan T\",\"@id\":\"https:\\\/\\\/www.firstaidcanada.com\\\/#\\\/schema\\\/person\\\/f9b0096a824f637ae0f9e6189dd8fbc4\"},\"headline\":\"Solar Eclipse Safety \u201a\u00c4\u00ec August 21, 2017\",\"datePublished\":\"2017-08-19T08:05:00+00:00\",\"dateModified\":\"2023-09-08T20:30:06+00:00\",\"mainEntityOfPage\":{\"@id\":\"https:\\\/\\\/firstaidcanada.com\\\/solar-eclipse-safety\\\/\"},\"wordCount\":142,\"publisher\":{\"@id\":\"https:\\\/\\\/www.firstaidcanada.com\\\/#organization\"},\"image\":{\"@id\":\"https:\\\/\\\/firstaidcanada.com\\\/solar-eclipse-safety\\\/#primaryimage\"},\"thumbnailUrl\":\"https:\\\/\\\/firstaidcanada.com\\\/wp-content\\\/uploads\\\/2019\\\/11\\\/SolarEclipseSafety.jpg\",\"keywords\":[\"eclipse\",\"eye safety\",\"eye wear\",\"solar eclipse\"],\"articleSection\":[\"Blog\",\"Safety\"],\"inLanguage\":\"fr-CA\"},{\"@type\":\"WebPage\",\"@id\":\"https:\\\/\\\/firstaidcanada.com\\\/solar-eclipse-safety\\\/\",\"url\":\"https:\\\/\\\/firstaidcanada.com\\\/solar-eclipse-safety\\\/\",\"name\":\"Solar Eclipse Safety \u201a\u00c4\u00ec August 21, 2017 - First Aid Canada\",\"isPartOf\":{\"@id\":\"https:\\\/\\\/www.firstaidcanada.com\\\/#website\"},\"primaryImageOfPage\":{\"@id\":\"https:\\\/\\\/firstaidcanada.com\\\/solar-eclipse-safety\\\/#primaryimage\"},\"image\":{\"@id\":\"https:\\\/\\\/firstaidcanada.com\\\/solar-eclipse-safety\\\/#primaryimage\"},\"thumbnailUrl\":\"https:\\\/\\\/firstaidcanada.com\\\/wp-content\\\/uploads\\\/2019\\\/11\\\/SolarEclipseSafety.jpg\",\"datePublished\":\"2017-08-19T08:05:00+00:00\",\"dateModified\":\"2023-09-08T20:30:06+00:00\",\"breadcrumb\":{\"@id\":\"https:\\\/\\\/firstaidcanada.com\\\/solar-eclipse-safety\\\/#breadcrumb\"},\"inLanguage\":\"fr-CA\",\"potentialAction\":[{\"@type\":\"ReadAction\",\"target\":[\"https:\\\/\\\/firstaidcanada.com\\\/solar-eclipse-safety\\\/\"]}]},{\"@type\":\"ImageObject\",\"inLanguage\":\"fr-CA\",\"@id\":\"https:\\\/\\\/firstaidcanada.com\\\/solar-eclipse-safety\\\/#primaryimage\",\"url\":\"https:\\\/\\\/firstaidcanada.com\\\/wp-content\\\/uploads\\\/2019\\\/11\\\/SolarEclipseSafety.jpg\",\"contentUrl\":\"https:\\\/\\\/firstaidcanada.com\\\/wp-content\\\/uploads\\\/2019\\\/11\\\/SolarEclipseSafety.jpg\",\"width\":600,\"height\":399,\"caption\":\"SolarEclipseSafety - First Aid Canada\"},{\"@type\":\"BreadcrumbList\",\"@id\":\"https:\\\/\\\/firstaidcanada.com\\\/solar-eclipse-safety\\\/#breadcrumb\",\"itemListElement\":[{\"@type\":\"ListItem\",\"position\":1,\"name\":\"Home\",\"item\":\"https:\\\/\\\/firstaidcanada.com\\\/\"},{\"@type\":\"ListItem\",\"position\":2,\"name\":\"Solar Eclipse Safety \u201a\u00c4\u00ec August 21, 2017\"}]},{\"@type\":\"WebSite\",\"@id\":\"https:\\\/\\\/www.firstaidcanada.com\\\/#website\",\"url\":\"https:\\\/\\\/www.firstaidcanada.com\\\/\",\"name\":\"First Aid Canada\",\"description\":\"Life is Precious. Be Prepared.\",\"publisher\":{\"@id\":\"https:\\\/\\\/www.firstaidcanada.com\\\/#organization\"},\"potentialAction\":[{\"@type\":\"SearchAction\",\"target\":{\"@type\":\"EntryPoint\",\"urlTemplate\":\"https:\\\/\\\/www.firstaidcanada.com\\\/?s={search_term_string}\"},\"query-input\":{\"@type\":\"PropertyValueSpecification\",\"valueRequired\":true,\"valueName\":\"search_term_string\"}}],\"inLanguage\":\"fr-CA\"},{\"@type\":\"Organization\",\"@id\":\"https:\\\/\\\/www.firstaidcanada.com\\\/#organization\",\"name\":\"First Aid Canada\",\"url\":\"https:\\\/\\\/www.firstaidcanada.com\\\/\",\"logo\":{\"@type\":\"ImageObject\",\"inLanguage\":\"fr-CA\",\"@id\":\"https:\\\/\\\/www.firstaidcanada.com\\\/#\\\/schema\\\/logo\\\/image\\\/\",\"url\":\"https:\\\/\\\/www.firstaidcanada.com\\\/wp-content\\\/uploads\\\/2026\\\/03\\\/logo-share-fac.png\",\"contentUrl\":\"https:\\\/\\\/www.firstaidcanada.com\\\/wp-content\\\/uploads\\\/2026\\\/03\\\/logo-share-fac.png\",\"width\":696,\"height\":696,\"caption\":\"First Aid Canada\"},\"image\":{\"@id\":\"https:\\\/\\\/www.firstaidcanada.com\\\/#\\\/schema\\\/logo\\\/image\\\/\"},\"sameAs\":[\"https:\\\/\\\/www.facebook.com\\\/FirstAidCanada\",\"https:\\\/\\\/x.com\\\/firstaidcanada\",\"https:\\\/\\\/www.instagram.com\\\/firstaidcanada\\\/\",\"https:\\\/\\\/www.linkedin.com\\\/company\\\/first-aid-canada\"]},{\"@type\":\"Person\",\"@id\":\"https:\\\/\\\/www.firstaidcanada.com\\\/#\\\/schema\\\/person\\\/f9b0096a824f637ae0f9e6189dd8fbc4\",\"name\":\"Ryan T\",\"image\":{\"@type\":\"ImageObject\",\"inLanguage\":\"fr-CA\",\"@id\":\"https:\\\/\\\/secure.gravatar.com\\\/avatar\\\/726372739e3028e6ca07e71a5a665bf474180b47d5029db520b7a413b0d6ddfa?s=96&d=mm&r=g\",\"url\":\"https:\\\/\\\/secure.gravatar.com\\\/avatar\\\/726372739e3028e6ca07e71a5a665bf474180b47d5029db520b7a413b0d6ddfa?s=96&d=mm&r=g\",\"contentUrl\":\"https:\\\/\\\/secure.gravatar.com\\\/avatar\\\/726372739e3028e6ca07e71a5a665bf474180b47d5029db520b7a413b0d6ddfa?s=96&d=mm&r=g\",\"caption\":\"Ryan T\"},\"url\":\"https:\\\/\\\/firstaidcanada.com\\\/fr\\\/author\\\/ryanpixelcarve-com\\\/\"}]}<\/script>\n<!-- \/ Yoast SEO plugin. -->","yoast_head_json":{"title":"Solar Eclipse Safety \u201a\u00c4\u00ec August 21, 2017 - First Aid Canada","robots":{"index":"index","follow":"follow","max-snippet":"max-snippet:-1","max-image-preview":"max-image-preview:large","max-video-preview":"max-video-preview:-1"},"canonical":"https:\/\/firstaidcanada.com\/fr\/solar-eclipse-safety\/","og_locale":"fr_CA","og_type":"article","og_title":"Solar Eclipse Safety \u201a\u00c4\u00ec August 21, 2017 - First Aid Canada","og_description":"Solar Eclipse Safety &ndash; August 21, 2017 Did you know on August 21st there will be a solar eclipse? This is a once in a lifetime opportunity to see something very special. Be sure you do not miss it! For more information on timing and phases of the solar eclipse, click here. Did you alsoContinue reading \"Solar Eclipse Safety \u201a\u00c4\u00ec August 21, 2017\"","og_url":"https:\/\/firstaidcanada.com\/fr\/solar-eclipse-safety\/","og_site_name":"First Aid Canada","article_publisher":"https:\/\/www.facebook.com\/FirstAidCanada","article_published_time":"2017-08-19T08:05:00+00:00","article_modified_time":"2023-09-08T20:30:06+00:00","og_image":[{"width":600,"height":399,"url":"https:\/\/firstaidcanada.com\/wp-content\/uploads\/2019\/11\/SolarEclipseSafety.jpg","type":"image\/jpeg"}],"author":"Ryan T","twitter_card":"summary_large_image","twitter_creator":"@firstaidcanada","twitter_site":"@firstaidcanada","twitter_misc":{"Written by":"Ryan T","Est. reading time":"1 minute"},"schema":{"@context":"https:\/\/schema.org","@graph":[{"@type":"Article","@id":"https:\/\/firstaidcanada.com\/solar-eclipse-safety\/#article","isPartOf":{"@id":"https:\/\/firstaidcanada.com\/solar-eclipse-safety\/"},"author":{"name":"Ryan T","@id":"https:\/\/www.firstaidcanada.com\/#\/schema\/person\/f9b0096a824f637ae0f9e6189dd8fbc4"},"headline":"Solar Eclipse Safety \u201a\u00c4\u00ec August 21, 2017","datePublished":"2017-08-19T08:05:00+00:00","dateModified":"2023-09-08T20:30:06+00:00","mainEntityOfPage":{"@id":"https:\/\/firstaidcanada.com\/solar-eclipse-safety\/"},"wordCount":142,"publisher":{"@id":"https:\/\/www.firstaidcanada.com\/#organization"},"image":{"@id":"https:\/\/firstaidcanada.com\/solar-eclipse-safety\/#primaryimage"},"thumbnailUrl":"https:\/\/firstaidcanada.com\/wp-content\/uploads\/2019\/11\/SolarEclipseSafety.jpg","keywords":["eclipse","eye safety","eye wear","solar eclipse"],"articleSection":["Blog","Safety"],"inLanguage":"fr-CA"},{"@type":"WebPage","@id":"https:\/\/firstaidcanada.com\/solar-eclipse-safety\/","url":"https:\/\/firstaidcanada.com\/solar-eclipse-safety\/","name":"Solar Eclipse Safety \u201a\u00c4\u00ec August 21, 2017 - First Aid Canada","isPartOf":{"@id":"https:\/\/www.firstaidcanada.com\/#website"},"primaryImageOfPage":{"@id":"https:\/\/firstaidcanada.com\/solar-eclipse-safety\/#primaryimage"},"image":{"@id":"https:\/\/firstaidcanada.com\/solar-eclipse-safety\/#primaryimage"},"thumbnailUrl":"https:\/\/firstaidcanada.com\/wp-content\/uploads\/2019\/11\/SolarEclipseSafety.jpg","datePublished":"2017-08-19T08:05:00+00:00","dateModified":"2023-09-08T20:30:06+00:00","breadcrumb":{"@id":"https:\/\/firstaidcanada.com\/solar-eclipse-safety\/#breadcrumb"},"inLanguage":"fr-CA","potentialAction":[{"@type":"ReadAction","target":["https:\/\/firstaidcanada.com\/solar-eclipse-safety\/"]}]},{"@type":"ImageObject","inLanguage":"fr-CA","@id":"https:\/\/firstaidcanada.com\/solar-eclipse-safety\/#primaryimage","url":"https:\/\/firstaidcanada.com\/wp-content\/uploads\/2019\/11\/SolarEclipseSafety.jpg","contentUrl":"https:\/\/firstaidcanada.com\/wp-content\/uploads\/2019\/11\/SolarEclipseSafety.jpg","width":600,"height":399,"caption":"SolarEclipseSafety - First Aid Canada"},{"@type":"BreadcrumbList","@id":"https:\/\/firstaidcanada.com\/solar-eclipse-safety\/#breadcrumb","itemListElement":[{"@type":"ListItem","position":1,"name":"Home","item":"https:\/\/firstaidcanada.com\/"},{"@type":"ListItem","position":2,"name":"Solar Eclipse Safety \u201a\u00c4\u00ec August 21, 2017"}]},{"@type":"WebSite","@id":"https:\/\/www.firstaidcanada.com\/#website","url":"https:\/\/www.firstaidcanada.com\/","name":"Premiers secours Canada","description":"La vie est pr\u00e9cieuse. Soyez pr\u00eat.","publisher":{"@id":"https:\/\/www.firstaidcanada.com\/#organization"},"potentialAction":[{"@type":"SearchAction","target":{"@type":"EntryPoint","urlTemplate":"https:\/\/www.firstaidcanada.com\/?s={search_term_string}"},"query-input":{"@type":"PropertyValueSpecification","valueRequired":true,"valueName":"search_term_string"}}],"inLanguage":"fr-CA"},{"@type":"Organization","@id":"https:\/\/www.firstaidcanada.com\/#organization","name":"Premiers secours Canada","url":"https:\/\/www.firstaidcanada.com\/","logo":{"@type":"ImageObject","inLanguage":"fr-CA","@id":"https:\/\/www.firstaidcanada.com\/#\/schema\/logo\/image\/","url":"https:\/\/www.firstaidcanada.com\/wp-content\/uploads\/2026\/03\/logo-share-fac.png","contentUrl":"https:\/\/www.firstaidcanada.com\/wp-content\/uploads\/2026\/03\/logo-share-fac.png","width":696,"height":696,"caption":"First Aid Canada"},"image":{"@id":"https:\/\/www.firstaidcanada.com\/#\/schema\/logo\/image\/"},"sameAs":["https:\/\/www.facebook.com\/FirstAidCanada","https:\/\/x.com\/firstaidcanada","https:\/\/www.instagram.com\/firstaidcanada\/","https:\/\/www.linkedin.com\/company\/first-aid-canada"]},{"@type":"Person","@id":"https:\/\/www.firstaidcanada.com\/#\/schema\/person\/f9b0096a824f637ae0f9e6189dd8fbc4","name":"Ryan T","image":{"@type":"ImageObject","inLanguage":"fr-CA","@id":"https:\/\/secure.gravatar.com\/avatar\/726372739e3028e6ca07e71a5a665bf474180b47d5029db520b7a413b0d6ddfa?s=96&d=mm&r=g","url":"https:\/\/secure.gravatar.com\/avatar\/726372739e3028e6ca07e71a5a665bf474180b47d5029db520b7a413b0d6ddfa?s=96&d=mm&r=g","contentUrl":"https:\/\/secure.gravatar.com\/avatar\/726372739e3028e6ca07e71a5a665bf474180b47d5029db520b7a413b0d6ddfa?s=96&d=mm&r=g","caption":"Ryan T"},"url":"https:\/\/firstaidcanada.com\/fr\/author\/ryanpixelcarve-com\/"}]}},"_links":{"self":[{"href":"https:\/\/firstaidcanada.com\/fr\/wp-json\/wp\/v2\/posts\/24651","targetHints":{"allow":["GET"]}}],"collection":[{"href":"https:\/\/firstaidcanada.com\/fr\/wp-json\/wp\/v2\/posts"}],"about":[{"href":"https:\/\/firstaidcanada.com\/fr\/wp-json\/wp\/v2\/types\/post"}],"author":[{"embeddable":true,"href":"https:\/\/firstaidcanada.com\/fr\/wp-json\/wp\/v2\/users\/7265"}],"replies":[{"embeddable":true,"href":"https:\/\/firstaidcanada.com\/fr\/wp-json\/wp\/v2\/comments?post=24651"}],"version-history":[{"count":0,"href":"https:\/\/firstaidcanada.com\/fr\/wp-json\/wp\/v2\/posts\/24651\/revisions"}],"wp:featuredmedia":[{"embeddable":true,"href":"https:\/\/firstaidcanada.com\/fr\/wp-json\/wp\/v2\/media\/24652"}],"wp:attachment":[{"href":"https:\/\/firstaidcanada.com\/fr\/wp-json\/wp\/v2\/media?parent=24651"}],"wp:term":[{"taxonomy":"category","embeddable":true,"href":"https:\/\/firstaidcanada.com\/fr\/wp-json\/wp\/v2\/categories?post=24651"},{"taxonomy":"post_tag","embeddable":true,"href":"https:\/\/firstaidcanada.com\/fr\/wp-json\/wp\/v2\/tags?post=24651"}],"curies":[{"name":"wp","href":"https:\/\/api.w.org\/{rel}","templated":true}]}}