{"id":56029,"date":"2025-05-20T05:20:49","date_gmt":"2025-05-20T09:20:49","guid":{"rendered":"https:\/\/firstaidcanada.com\/?p=56029"},"modified":"2025-08-06T07:30:54","modified_gmt":"2025-08-06T11:30:54","slug":"workplace-first-aid-training-compliance-and-beyond-2025-standards","status":"publish","type":"post","link":"https:\/\/firstaidcanada.com\/fr\/workplace-first-aid-training-compliance-and-beyond-2025-standards\/","title":{"rendered":"Formation aux premiers secours en milieu de travail\u00a0: conformit\u00e9 et au-del\u00e0 (normes 2025)"},"content":{"rendered":"<p><span style=\"font-size: medium;\">Les lieux de travail sont aujourd&#039;hui bien plus actifs, diversifi\u00e9s et exigeants qu&#039;auparavant. La prise de conscience de l&#039;importance de la s\u00e9curit\u00e9 des employ\u00e9s et des obligations l\u00e9gales qui en d\u00e9coulent ne cesse de cro\u00eetre ces derniers temps., <\/span><span style=\"font-size: medium;\"><b>Formation aux premiers secours en milieu de travail<\/b><\/span><span style=\"font-size: medium;\"> Ce guide ouvre la voie aux strat\u00e9gies de sant\u00e9 organisationnelle. D&#039;ici 2025, les mises \u00e0 jour en mati\u00e8re de s\u00e9curit\u00e9, ainsi que les r\u00e9glementations sectorielles, mettront tellement l&#039;accent sur la pr\u00e9paration aux situations d&#039;urgence sur site que le guide examin\u00e9 en d\u00e9tail fournira toutes les connaissances n\u00e9cessaires aux entreprises pour se conformer \u00e0 la r\u00e9glementation et aller plus loin. <\/span><\/p>\n<h2><span style=\"font-size: medium;\"><b>Aper\u00e7u des premiers secours en milieu de travail en 2025<\/b><\/span><\/h2>\n<p><span style=\"font-size: medium;\">En 2025, les premiers soins en milieu de travail ne constituaient plus de simples recommandations\u00a0: ils sont devenus un \u00e9l\u00e9ment central de la conformit\u00e9 r\u00e9glementaire partout au Canada. Les employeurs \u00e9taient d\u00e9sormais tenus d\u2019\u00e9valuer les risques sp\u00e9cifiques \u00e0 leur milieu de travail et d\u2019adapter leurs protocoles en cons\u00e9quence afin de respecter les nouvelles exigences l\u00e9gales. <\/span><\/p>\n<p><span style=\"font-size: medium;\">Les principales exigences comprennent\u00a0:<\/span><\/p>\n<ul>\n<li>\n<p><span style=\"font-size: medium;\">Un secouriste form\u00e9 devrait \u00eatre disponible \u00e0 chaque quart de travail.<\/span><\/p>\n<\/li>\n<li>\n<p><span style=\"font-size: medium;\">Avoir un <\/span><span style=\"font-size: medium;\"><b>Certification en premiers secours pour les employ\u00e9s<\/b><\/span><span style=\"font-size: medium;\">.<\/span><\/p>\n<\/li>\n<li>\n<p><span style=\"font-size: medium;\">Garantir la couverture en mati\u00e8re de RCR et de premiers secours dans les environnements \u00e0 haut risque. <\/span><\/p>\n<\/li>\n<\/ul>\n<ul>\n<li>\n<p><span style=\"font-family: Times New Roman, serif;\"><span style=\"font-size: medium;\"><span style=\"font-family: Calibri, serif;\">Afficher les contacts d&#039;urgence et les proc\u00e9dures \u00e0 suivre. <\/span><\/span><\/span><\/p>\n<\/li>\n<\/ul>\n<p><span style=\"font-size: medium;\">Les employeurs devraient \u00e9galement donner acc\u00e8s \u00e0 une formation certifi\u00e9e dispens\u00e9e par des organismes agr\u00e9\u00e9s comme Premiers soins Canada, qui fait office de r\u00e9f\u00e9rence dans toutes les provinces en mati\u00e8re de contenu de formation. <\/span><\/p>\n<h2><span style=\"font-size: medium;\"><b>Comment la formation aux premiers secours en milieu de travail prot\u00e8ge les employ\u00e9s et les employeurs<\/b><\/span><\/h2>\n<p><span style=\"font-size: medium;\">Les implications de <\/span><span style=\"font-size: medium;\"><b>Formation aux premiers secours en milieu de travail<\/b><\/span><span style=\"font-size: medium;\"> Au-del\u00e0 de la simple conformit\u00e9, elle offre un environnement de travail plus s\u00fbr, avec des temps de r\u00e9ponse plus rapides en cas d&#039;urgence, et renforce le moral des employ\u00e9s. <\/span><\/p>\n<h2><span style=\"font-size: medium;\"><b>Pour les employ\u00e9s<\/b><\/span><span style=\"font-size: medium;\">:<\/span><\/h2>\n<p>\u2022 <span style=\"font-size: medium;\">Am\u00e9lioration du temps de r\u00e9cup\u00e9ration gr\u00e2ce \u00e0 une prise en charge imm\u00e9diate des blessures, permettant une gu\u00e9rison plus rapide. <\/span><\/p>\n<p>\u2022 <span style=\"font-size: medium;\">Plus de confiance en soi lors de la gestion des incidents. <\/span><\/p>\n<p>\u2022 <span style=\"font-size: medium;\">Am\u00e9lioration du moral des employ\u00e9s sachant que la priorit\u00e9 est donn\u00e9e \u00e0 leur s\u00e9curit\u00e9. <\/span><\/p>\n<h2><span style=\"font-size: medium;\"><b>Pour les employeurs<\/b><\/span><span style=\"font-size: medium;\">:<\/span><\/h2>\n<p>\u2022 <span style=\"font-size: medium;\">Une r\u00e9duction des responsabilit\u00e9s li\u00e9es aux accidents du travail. <\/span><\/p>\n<p>\u2022 <span style=\"font-size: medium;\">Moins de temps perdu en raison d&#039;urgences m\u00e9dicales. <\/span><\/p>\n<p><span style=\"font-size: medium;\">Les premiers secours en milieu de travail permettront de minimiser les risques de blessure tout en am\u00e9liorant la r\u00e9silience op\u00e9rationnelle <\/span><span style=\"font-size: medium;\">par la constance <\/span><span style=\"font-size: medium;\"><b>Premiers secours en mati\u00e8re de sant\u00e9 et de s\u00e9curit\u00e9 <\/b><\/span><span style=\"font-size: medium;\">strat\u00e9gies.<\/span><\/p>\n<h2><span style=\"font-size: medium;\"><b>Importance l\u00e9gale de la certification en secourisme sur le lieu de travail<\/b><\/span><\/h2>\n<p><span style=\"font-size: medium;\">En vertu des directives canadiennes en mati\u00e8re de sant\u00e9 et de s\u00e9curit\u00e9 au travail, l&#039;employeur est l\u00e9galement tenu de maintenir un environnement de travail s\u00e9curitaire. <\/span><span style=\"font-size: medium;\"><b>Formation aux premiers secours en milieu de travail<\/b><\/span><span style=\"font-size: medium;\"> pr\u00e9sente ces conditions l\u00e9gales. <\/span><\/p>\n<p><span style=\"font-size: medium;\">Les conditions l\u00e9gales comprennent les \u00e9l\u00e9ments suivants\u00a0: <\/span><\/p>\n<p>\u2022 <span style=\"font-size: medium;\">Assurer la formation d&#039;un nombre minimal d&#039;employ\u00e9s dans le domaine de <\/span><span style=\"font-size: medium;\"><b>formation aux premiers secours en milieu professionnel<\/b><\/span><span style=\"font-size: medium;\">. <\/span><\/p>\n<p>\u2022 <span style=\"font-family: Times New Roman, serif;\"><span style=\"font-size: medium;\"><span style=\"font-family: Calibri, serif;\">Renouvellement <\/span><span style=\"font-family: Calibri, serif;\"><b>Certification en premiers secours pour les employ\u00e9s<\/b><\/span><span style=\"font-family: Calibri, serif;\"> tous les trois ans.<\/span><\/span><\/span><\/p>\n<p>\u2022 <span style=\"font-size: medium;\">Fournir une formation adapt\u00e9e au poste et prenant en compte les risques sp\u00e9cifiques. <\/span><\/p>\n<p><span style=\"font-size: medium;\">Le non-respect de ces r\u00e8gles entra\u00eene des sanctions, des poursuites judiciaires, voire des blessures ou des d\u00e9c\u00e8s qui auraient pu \u00eatre \u00e9vit\u00e9s. Faire appel \u00e0 des fournisseurs comme Premiers soins Canada, qui proposent des programmes conformes aux normes CSA, permet de contourner les obstacles li\u00e9s \u00e0 la r\u00e9glementation. <\/span><\/p>\n<h2><span style=\"font-size: medium;\"><b>Principales mises \u00e0 jour des normes de premiers secours en milieu de travail pour 2025 <\/b><\/span><\/h2>\n<p><span style=\"font-size: medium;\">\u00c0 partir de 2025, les modifications les plus importantes dans le <\/span><span style=\"font-size: medium;\"><b>Formation aux premiers secours en milieu de travail<\/b><\/span><span style=\"font-size: medium;\"> Ces normes sont \u00e9labor\u00e9es par les autorit\u00e9s canadiennes. Visant \u00e0 moderniser les normes en milieu de travail pour r\u00e9pondre aux exigences des milieux modernes, ce programme actualis\u00e9 a ainsi permis d&#039;\u00e9largir la pr\u00e9paration aux situations d&#039;urgence. <\/span><\/p>\n<p><span style=\"font-size: medium;\">Les changements les plus importants sont les suivants\u00a0:<\/span><\/p>\n<ul>\n<li>\n<p><span style=\"font-size: medium;\">Des modules de r\u00e9ponse aux crises de sant\u00e9 mentale sont d\u00e9sormais inclus.<\/span><\/p>\n<\/li>\n<li>\n<p><span style=\"font-size: medium;\">Tous les employ\u00e9s re\u00e7oivent une formation en RCR et en utilisation d&#039;un DEA ; auparavant, cette formation \u00e9tait r\u00e9serv\u00e9e aux intervenants d\u00e9sign\u00e9s.<\/span><\/p>\n<\/li>\n<li>\n<p><span style=\"font-size: medium;\">La documentation et le signalement des incidents ont pris une nouvelle importance.<\/span><\/p>\n<\/li>\n<li>\n<p><span style=\"font-size: medium;\">Les kits et les proc\u00e9dures ont \u00e9t\u00e9 mis \u00e0 jour pour r\u00e9pondre aux besoins de pr\u00e9paration \u00e0 une pand\u00e9mie.<\/span><\/p>\n<\/li>\n<\/ul>\n<p><span style=\"font-size: medium;\">Ces am\u00e9liorations ont ainsi permis de garantir que les principaux <\/span><span style=\"font-size: medium;\"><b>premiers secours en mati\u00e8re de s\u00e9curit\u00e9 au travail<\/b><\/span><span style=\"font-size: medium;\"> est solide et r\u00e9pond aux exigences des lieux de travail actuels. <\/span><\/p>\n<h2><span style=\"font-size: medium;\"><b>\u00c9tablir un plan de premiers secours pour votre lieu de travail<\/b><\/span><\/h2>\n<p><span style=\"font-size: medium;\">Un efficace <\/span><span style=\"font-size: medium;\"><b>Formation aux premiers secours en milieu de travail <\/b><\/span><span style=\"font-size: medium;\">Le programme doit \u00eatre int\u00e9gr\u00e9 \u00e0 une strat\u00e9gie de premiers secours plus globale. La planification garantit la disponibilit\u00e9 des \u00e9quipes dans tous les services et \u00e0 tous les quarts de travail.<\/span><\/p>\n<p><span style=\"font-size: medium;\">\u00c9tapes pour \u00e9laborer un plan de premiers secours en milieu de travail\u00a0:<\/span><\/p>\n<ul>\n<li>\n<p><span style=\"font-size: medium;\"><b>\u00c9valuer les risques<\/b><\/span><span style=\"font-size: medium;\">D\u00e9finir les risques potentiels sur le lieu de travail. <\/span><\/p>\n<\/li>\n<\/ul>\n<ul>\n<li>\n<p><span style=\"font-size: medium;\"><b>D\u00e9finir les t\u00e2ches<\/b><\/span><span style=\"font-size: medium;\">Identifier le personnel responsable des premiers secours.<\/span><\/p>\n<\/li>\n<li>\n<p><span style=\"font-size: medium;\"><b>Choisir une formation<\/b><\/span><span style=\"font-size: medium;\">Choisissez le niveau de formation appropri\u00e9 aupr\u00e8s de Premiers soins Canada.<\/span><\/p>\n<\/li>\n<li>\n<p><span style=\"font-size: medium;\"><b>Communiquer<\/b><\/span><span style=\"font-size: medium;\">Informer le personnel de la proc\u00e9dure.<\/span><\/p>\n<\/li>\n<li>\n<p><span style=\"font-size: medium;\"><b>Examen p\u00e9riodique et formation de perfectionnement<\/b><\/span><span style=\"font-size: medium;\">Votre plan doit \u00eatre audit\u00e9 r\u00e9guli\u00e8rement afin de rester \u00e0 jour.<\/span><\/p>\n<\/li>\n<\/ul>\n<p><span style=\"font-size: medium;\">L&#039;existence d&#039;un plan de s\u00e9curit\u00e9 au travail garantit que les deux <\/span><span style=\"font-size: medium;\"><b>RCR et premiers secours en milieu de travail<\/b><\/span><span style=\"font-size: medium;\"> La l\u00e9gislation est claire et applicable. <\/span><\/p>\n<h2><span style=\"font-size: medium;\"><b>\u00c9l\u00e9ments essentiels d&#039;une trousse de premiers secours en milieu de travail et leur contenu<\/b><\/span><\/h2>\n<p><span style=\"font-size: medium;\">Dans tous les lieux de travail au Canada, le poste de premiers soins doit \u00eatre enti\u00e8rement approvisionn\u00e9 et facilement accessible. Conform\u00e9ment aux normes de 2025, le contenu de ces trousses doit r\u00e9pondre aux besoins sp\u00e9cifi\u00e9s dans le document. <\/span><span style=\"font-size: medium;\"><b>Formation aux premiers secours en milieu de travail<\/b><\/span><span style=\"font-size: medium;\"> programme. <\/span><\/p>\n<p><span style=\"font-size: medium;\">La trousse de premiers secours sur le lieu de travail devrait contenir les \u00e9l\u00e9ments suivants\u00a0:<\/span><\/p>\n<ul>\n<li>\n<p><span style=\"font-size: medium;\">Gaze st\u00e9rile et mat\u00e9riel de bandage<\/span><\/p>\n<\/li>\n<li>\n<p><span style=\"font-size: medium;\">Lingettes et pommade antiseptiques<\/span><\/p>\n<\/li>\n<li>\n<p><span style=\"font-size: medium;\">Ruban adh\u00e9sif<\/span><\/p>\n<\/li>\n<li>\n<p><span style=\"font-size: medium;\">Visi\u00e8re de protection ou masque de r\u00e9animation<\/span><\/p>\n<\/li>\n<li>\n<p><span style=\"font-size: medium;\">Gants jetables<\/span><\/p>\n<\/li>\n<li>\n<p><span style=\"font-size: medium;\">pansements pour br\u00fblures<\/span><\/p>\n<\/li>\n<li>\n<p><span style=\"font-size: medium;\">solution de lavage oculaire<\/span><\/p>\n<\/li>\n<li>\n<p><span style=\"font-size: medium;\">Bandages et attelles triangulaires<\/span><\/p>\n<\/li>\n<li>\n<p><span style=\"font-size: medium;\">Fiche de contact d&#039;urgence<\/span><\/p>\n<\/li>\n<\/ul>\n<p><span style=\"font-size: medium;\">Dans certains domaines, les besoins peuvent n\u00e9cessiter des fournitures sp\u00e9cialis\u00e9es suppl\u00e9mentaires. Les employeurs sont encourag\u00e9s \u00e0 acheter des trousses de premiers soins conformes aux normes CSA directement aupr\u00e8s de Premiers soins Canada. Ainsi, ils r\u00e9pondent \u00e0 toutes les exigences. <\/span><span style=\"font-size: medium;\"><b>formation aux premiers secours en milieu professionnel<\/b><\/span><span style=\"font-size: medium;\"> normes.<\/span><\/p>\n<h2><span style=\"font-size: medium;\"><b>Pourquoi toute entreprise devrait envisager une formation r\u00e9guli\u00e8re aux premiers secours<\/b><\/span><\/h2>\n<p><span style=\"font-size: medium;\">Outre la conformit\u00e9 initiale, des mises \u00e0 jour r\u00e9p\u00e9t\u00e9es ont \u00e9t\u00e9 effectu\u00e9es. <\/span><span style=\"font-size: medium;\"><b>Formation aux premiers secours en milieu de travail<\/b><\/span><span style=\"font-size: medium;\"> permet \u00e0 votre personnel de rester confiant, comp\u00e9tent et au fait des nouvelles normes. <\/span><\/p>\n<p><span style=\"font-size: medium;\">Raisons d&#039;investir r\u00e9guli\u00e8rement\u00a0:<\/span><\/p>\n<ul>\n<li>\n<p><span style=\"font-size: medium;\">Maintenir la validit\u00e9 de <\/span><span style=\"font-size: medium;\"><b>Certificat de premiers secours<\/b><\/span> <span style=\"font-size: medium;\"><b>pour les employ\u00e9s<\/b><\/span><span style=\"font-size: medium;\"> (la certification est valable trois ans).<\/span><\/p>\n<\/li>\n<\/ul>\n<ul>\n<li>\n<p><span style=\"font-size: medium;\">Pour renforcer les comp\u00e9tences dans des situations r\u00e9elles.<\/span><\/p>\n<\/li>\n<li>\n<p><span style=\"font-size: medium;\">Former rapidement les nouveaux employ\u00e9s.<\/span><\/p>\n<\/li>\n<li>\n<p><span style=\"font-size: medium;\">Pour s&#039;adapter aux changements d&#039;am\u00e9nagement ou de r\u00f4les au travail.<\/span><\/p>\n<\/li>\n<\/ul>\n<p><span style=\"font-size: medium;\">Les formations de recyclage de Premiers soins Canada permettent \u00e0 votre organisation de garder une longueur d&#039;avance. <\/span><span style=\"font-size: medium;\"><b>premiers secours en mati\u00e8re de sant\u00e9 et de s\u00e9curit\u00e9<\/b><\/span><span style=\"font-size: medium;\">. Le programme offre \u00e0 vos praticiens l&#039;opportunit\u00e9 de consolider leurs comp\u00e9tences pratiques gr\u00e2ce \u00e0 une pratique constante.<\/span><\/p>\n<p><span style=\"font-family: Times New Roman, serif;\"><span style=\"font-size: medium;\"><span style=\"font-family: Calibri, serif;\"><b>Formation aux premiers secours en milieu de travail<\/b><\/span><span style=\"font-family: Calibri, serif;\"> En 2025, l&#039;adh\u00e9sion \u00e0 Premiers soins Canada repr\u00e9sente bien plus qu&#039;une simple formalit\u00e9 de conformit\u00e9\u00a0: c&#039;est un investissement strat\u00e9gique pour la s\u00e9curit\u00e9 des employ\u00e9s, la continuit\u00e9 des activit\u00e9s et la protection juridique. Les programmes actuels sont plus complets que jamais, avec des normes actualis\u00e9es qui mettent l&#039;accent sur la sant\u00e9 mentale, la r\u00e9ponse aux pand\u00e9mies et la formation pratique en RCR. Un partenariat avec Premiers soins Canada garantit la mise en \u0153uvre de ces normes. Pr\u00e9parez votre \u00e9quipe de mani\u00e8re proactive. <\/span><span style=\"font-family: Calibri, serif;\"><b>Certification en premiers secours pour les employ\u00e9s<\/b><\/span><span style=\"font-family: Calibri, serif;\"> et ont \u00e9tabli une norme d&#039;excellence en mati\u00e8re de sant\u00e9 et de s\u00e9curit\u00e9 au travail.<\/span><\/span><\/span><\/p>\n<h3>Foire aux questions (FAQ)<\/h3>\n<div class=\"accordion\">\n<div class=\"accordion__header is-active\">\n<h3>Pourquoi les lieux de travail ont-ils besoin d&#039;une formation aux premiers secours\u00a0?<\/h3>\n<p><span class=\"accordion__toggle\"><\/span>\n<\/div>\n<div class=\"accordion__body is-active\">\n<p>Elle garantit que les entreprises respectent les normes de s\u00e9curit\u00e9 l\u00e9gales et fournit au personnel les comp\u00e9tences n\u00e9cessaires pour g\u00e9rer les situations d&#039;urgence, minimiser les risques et sauver des vies.<\/p>\n<\/div>\n<div class=\"accordion__header\">\n<h3>Quelles sont les am\u00e9liorations pr\u00e9vues pour 2025 concernant les normes de premiers secours en milieu de travail\u00a0?<\/h3>\n<p><span class=\"accordion__toggle\"><\/span>\n<\/div>\n<div class=\"accordion__body\">\n<p>Les nouvelles normes mettent l&#039;accent sur les techniques actuelles, une formation plus diversifi\u00e9e et un soutien accru en mati\u00e8re de sant\u00e9 mentale lors des situations d&#039;urgence.<\/p>\n<\/div>\n<div class=\"accordion__header\">\n<h3>La formation aux premiers secours en milieu de travail inclut-elle la r\u00e9animation cardio-respiratoire ?<\/h3>\n<p><span class=\"accordion__toggle\"><\/span>\n<\/div>\n<div class=\"accordion__body\">\n<p>Oui, tous les programmes de formation en milieu de travail incluent la r\u00e9animation cardio-respiratoire ainsi que d&#039;autres interventions d&#039;urgence essentielles telles que le traitement des blessures, des br\u00fblures et des maladies aigu\u00ebs.<\/p>\n<\/div>\n<div class=\"accordion__header\">\n<h3>Les employ\u00e9s devraient-ils \u00eatre tenus de renouveler leur certification de secourisme tous les trois ans\u00a0?<\/h3>\n<p><span class=\"accordion__toggle\"><\/span>\n<\/div>\n<div class=\"accordion__body\">\n<p>La certification est valable trois ans, mais des formations de recyclage r\u00e9guli\u00e8res sont recommand\u00e9es pour se sentir en confiance et en conformit\u00e9 avec les pratiques actuelles.<\/p>\n<\/div>\n<div class=\"accordion__header\">\n<h3>La formation aux premiers secours peut-elle am\u00e9liorer la culture de s\u00e9curit\u00e9 au travail\u00a0?<\/h3>\n<p><span class=\"accordion__toggle\"><\/span>\n<\/div>\n<div class=\"accordion__body\">\n<p>Oui, sensibiliser, accro\u00eetre la confiance des employ\u00e9s et d\u00e9montrer l&#039;engagement de l&#039;entreprise envers la sant\u00e9 et la s\u00e9curit\u00e9.<\/p>\n<\/div>\n<\/div>\n<!-- HFCM by 99 Robots - Snippet # 6: accordion -->\n<script src=\"https:\/\/cdnjs.cloudflare.com\/ajax\/libs\/jquery\/3.2.1\/jquery.min.js\"><\/script>\r\n<script>\r\n\t\t$('.accordion__header').click(function(e) {\r\n\te.preventDefault();\r\n\tvar currentIsActive = $(this).hasClass('is-active');\r\n\t$(this).parent('.accordion').find('> *').removeClass('is-active');\r\n\tif(currentIsActive != 1) {\r\n\t\t$(this).addClass('is-active');\r\n\t\t$(this).next('.accordion__body').addClass('is-active');\r\n\t}\r\n});\r\n\t<\/script>\n<!-- \/end HFCM by 99 Robots -->","protected":false},"excerpt":{"rendered":"<p>Workplaces these days are far busier, more diverse, and more demanding than they have been. As awareness continues to grow regarding the importance of employee safety and the associated legal necessities in recent times, Workplace First Aid Training leads the way for organizational health strategies. By 2025, the safety updates, as well as industry-specific mandates<a href=\"https:\/\/firstaidcanada.com\/fr\/workplace-first-aid-training-compliance-and-beyond-2025-standards\/\">Poursuivez votre lecture <span class=\"sr-only\">&#8220;Workplace First Aid Training: Compliance and Beyond (2025 Standards)&#8221;<\/span><\/a><\/p>","protected":false},"author":7265,"featured_media":56033,"comment_status":"closed","ping_status":"closed","sticky":false,"template":"","format":"standard","meta":{"_acf_changed":false,"ep_exclude_from_search":false,"footnotes":""},"categories":[1483],"tags":[],"class_list":["post-56029","post","type-post","status-publish","format-standard","has-post-thumbnail","hentry","category-first-aid"],"acf":[],"yoast_head":"<!-- This site is optimized with the Yoast SEO plugin v28.2 - https:\/\/yoast.com\/product\/yoast-seo-wordpress\/ -->\n<title>Workplace First Aid Training: Compliance and Beyond (2025 Standards) - First Aid Canada<\/title>\n<meta name=\"robots\" content=\"index, follow, max-snippet:-1, max-image-preview:large, max-video-preview:-1\" \/>\n<link rel=\"canonical\" href=\"https:\/\/www.firstaidcanada.com\/workplace-first-aid-training-compliance-and-beyond-2025-standards\/\" \/>\n<meta property=\"og:locale\" content=\"fr_CA\" \/>\n<meta property=\"og:type\" content=\"article\" \/>\n<meta property=\"og:title\" content=\"Workplace First Aid Training: Compliance and Beyond (2025 Standards) - First Aid Canada\" \/>\n<meta property=\"og:description\" content=\"Workplaces these days are far busier, more diverse, and more demanding than they have been. As awareness continues to grow regarding the importance of employee safety and the associated legal necessities in recent times, Workplace First Aid Training leads the way for organizational health strategies. By 2025, the safety updates, as well as industry-specific mandatesContinue reading &quot;Workplace First Aid Training: Compliance and Beyond (2025 Standards)&quot;\" \/>\n<meta property=\"og:url\" content=\"https:\/\/www.firstaidcanada.com\/workplace-first-aid-training-compliance-and-beyond-2025-standards\/\" \/>\n<meta property=\"og:site_name\" content=\"First Aid Canada\" \/>\n<meta property=\"article:publisher\" content=\"https:\/\/www.facebook.com\/FirstAidCanada\" \/>\n<meta property=\"article:published_time\" content=\"2025-05-20T09:20:49+00:00\" \/>\n<meta property=\"article:modified_time\" content=\"2025-08-06T11:30:54+00:00\" \/>\n<meta property=\"og:image\" content=\"https:\/\/www.firstaidcanada.com\/wp-content\/uploads\/2025\/05\/image-1.webp\" \/>\n\t<meta property=\"og:image:width\" content=\"800\" \/>\n\t<meta property=\"og:image:height\" content=\"449\" \/>\n\t<meta property=\"og:image:type\" content=\"image\/webp\" \/>\n<meta name=\"author\" content=\"Ryan T\" \/>\n<meta name=\"twitter:card\" content=\"summary_large_image\" \/>\n<meta name=\"twitter:creator\" content=\"@firstaidcanada\" \/>\n<meta name=\"twitter:site\" content=\"@firstaidcanada\" \/>\n<meta name=\"twitter:label1\" content=\"Written by\" \/>\n\t<meta name=\"twitter:data1\" content=\"Ryan T\" \/>\n\t<meta name=\"twitter:label2\" content=\"Est. reading time\" \/>\n\t<meta name=\"twitter:data2\" content=\"5 minutes\" \/>\n<script type=\"application\/ld+json\" class=\"yoast-schema-graph\">{\"@context\":\"https:\\\/\\\/schema.org\",\"@graph\":[{\"@type\":\"Article\",\"@id\":\"https:\\\/\\\/www.firstaidcanada.com\\\/workplace-first-aid-training-compliance-and-beyond-2025-standards\\\/#article\",\"isPartOf\":{\"@id\":\"https:\\\/\\\/www.firstaidcanada.com\\\/workplace-first-aid-training-compliance-and-beyond-2025-standards\\\/\"},\"author\":{\"name\":\"Ryan T\",\"@id\":\"https:\\\/\\\/www.firstaidcanada.com\\\/#\\\/schema\\\/person\\\/f9b0096a824f637ae0f9e6189dd8fbc4\"},\"headline\":\"Workplace First Aid Training: Compliance and Beyond (2025 Standards)\",\"datePublished\":\"2025-05-20T09:20:49+00:00\",\"dateModified\":\"2025-08-06T11:30:54+00:00\",\"mainEntityOfPage\":{\"@id\":\"https:\\\/\\\/www.firstaidcanada.com\\\/workplace-first-aid-training-compliance-and-beyond-2025-standards\\\/\"},\"wordCount\":1104,\"publisher\":{\"@id\":\"https:\\\/\\\/www.firstaidcanada.com\\\/#organization\"},\"image\":{\"@id\":\"https:\\\/\\\/www.firstaidcanada.com\\\/workplace-first-aid-training-compliance-and-beyond-2025-standards\\\/#primaryimage\"},\"thumbnailUrl\":\"https:\\\/\\\/firstaidcanada.com\\\/wp-content\\\/uploads\\\/2025\\\/05\\\/image-1.webp\",\"articleSection\":[\"First Aid\"],\"inLanguage\":\"fr-CA\"},{\"@type\":\"WebPage\",\"@id\":\"https:\\\/\\\/www.firstaidcanada.com\\\/workplace-first-aid-training-compliance-and-beyond-2025-standards\\\/\",\"url\":\"https:\\\/\\\/www.firstaidcanada.com\\\/workplace-first-aid-training-compliance-and-beyond-2025-standards\\\/\",\"name\":\"Workplace First Aid Training: Compliance and Beyond (2025 Standards) - First Aid Canada\",\"isPartOf\":{\"@id\":\"https:\\\/\\\/www.firstaidcanada.com\\\/#website\"},\"primaryImageOfPage\":{\"@id\":\"https:\\\/\\\/www.firstaidcanada.com\\\/workplace-first-aid-training-compliance-and-beyond-2025-standards\\\/#primaryimage\"},\"image\":{\"@id\":\"https:\\\/\\\/www.firstaidcanada.com\\\/workplace-first-aid-training-compliance-and-beyond-2025-standards\\\/#primaryimage\"},\"thumbnailUrl\":\"https:\\\/\\\/firstaidcanada.com\\\/wp-content\\\/uploads\\\/2025\\\/05\\\/image-1.webp\",\"datePublished\":\"2025-05-20T09:20:49+00:00\",\"dateModified\":\"2025-08-06T11:30:54+00:00\",\"breadcrumb\":{\"@id\":\"https:\\\/\\\/www.firstaidcanada.com\\\/workplace-first-aid-training-compliance-and-beyond-2025-standards\\\/#breadcrumb\"},\"inLanguage\":\"fr-CA\",\"potentialAction\":[{\"@type\":\"ReadAction\",\"target\":[\"https:\\\/\\\/www.firstaidcanada.com\\\/workplace-first-aid-training-compliance-and-beyond-2025-standards\\\/\"]}]},{\"@type\":\"ImageObject\",\"inLanguage\":\"fr-CA\",\"@id\":\"https:\\\/\\\/www.firstaidcanada.com\\\/workplace-first-aid-training-compliance-and-beyond-2025-standards\\\/#primaryimage\",\"url\":\"https:\\\/\\\/firstaidcanada.com\\\/wp-content\\\/uploads\\\/2025\\\/05\\\/image-1.webp\",\"contentUrl\":\"https:\\\/\\\/firstaidcanada.com\\\/wp-content\\\/uploads\\\/2025\\\/05\\\/image-1.webp\",\"width\":800,\"height\":449,\"caption\":\"First aid workplace safety image - First Aid Canada\"},{\"@type\":\"BreadcrumbList\",\"@id\":\"https:\\\/\\\/www.firstaidcanada.com\\\/workplace-first-aid-training-compliance-and-beyond-2025-standards\\\/#breadcrumb\",\"itemListElement\":[{\"@type\":\"ListItem\",\"position\":1,\"name\":\"Home\",\"item\":\"https:\\\/\\\/firstaidcanada.com\\\/\"},{\"@type\":\"ListItem\",\"position\":2,\"name\":\"Workplace First Aid Training: Compliance and Beyond (2025 Standards)\"}]},{\"@type\":\"WebSite\",\"@id\":\"https:\\\/\\\/www.firstaidcanada.com\\\/#website\",\"url\":\"https:\\\/\\\/www.firstaidcanada.com\\\/\",\"name\":\"First Aid Canada\",\"description\":\"Life is Precious. Be Prepared.\",\"publisher\":{\"@id\":\"https:\\\/\\\/www.firstaidcanada.com\\\/#organization\"},\"potentialAction\":[{\"@type\":\"SearchAction\",\"target\":{\"@type\":\"EntryPoint\",\"urlTemplate\":\"https:\\\/\\\/www.firstaidcanada.com\\\/?s={search_term_string}\"},\"query-input\":{\"@type\":\"PropertyValueSpecification\",\"valueRequired\":true,\"valueName\":\"search_term_string\"}}],\"inLanguage\":\"fr-CA\"},{\"@type\":\"Organization\",\"@id\":\"https:\\\/\\\/www.firstaidcanada.com\\\/#organization\",\"name\":\"First Aid Canada\",\"url\":\"https:\\\/\\\/www.firstaidcanada.com\\\/\",\"logo\":{\"@type\":\"ImageObject\",\"inLanguage\":\"fr-CA\",\"@id\":\"https:\\\/\\\/www.firstaidcanada.com\\\/#\\\/schema\\\/logo\\\/image\\\/\",\"url\":\"https:\\\/\\\/www.firstaidcanada.com\\\/wp-content\\\/uploads\\\/2026\\\/03\\\/logo-share-fac.png\",\"contentUrl\":\"https:\\\/\\\/www.firstaidcanada.com\\\/wp-content\\\/uploads\\\/2026\\\/03\\\/logo-share-fac.png\",\"width\":696,\"height\":696,\"caption\":\"First Aid Canada\"},\"image\":{\"@id\":\"https:\\\/\\\/www.firstaidcanada.com\\\/#\\\/schema\\\/logo\\\/image\\\/\"},\"sameAs\":[\"https:\\\/\\\/www.facebook.com\\\/FirstAidCanada\",\"https:\\\/\\\/x.com\\\/firstaidcanada\",\"https:\\\/\\\/www.instagram.com\\\/firstaidcanada\\\/\",\"https:\\\/\\\/www.linkedin.com\\\/company\\\/first-aid-canada\"]},{\"@type\":\"Person\",\"@id\":\"https:\\\/\\\/www.firstaidcanada.com\\\/#\\\/schema\\\/person\\\/f9b0096a824f637ae0f9e6189dd8fbc4\",\"name\":\"Ryan T\",\"image\":{\"@type\":\"ImageObject\",\"inLanguage\":\"fr-CA\",\"@id\":\"https:\\\/\\\/secure.gravatar.com\\\/avatar\\\/726372739e3028e6ca07e71a5a665bf474180b47d5029db520b7a413b0d6ddfa?s=96&d=mm&r=g\",\"url\":\"https:\\\/\\\/secure.gravatar.com\\\/avatar\\\/726372739e3028e6ca07e71a5a665bf474180b47d5029db520b7a413b0d6ddfa?s=96&d=mm&r=g\",\"contentUrl\":\"https:\\\/\\\/secure.gravatar.com\\\/avatar\\\/726372739e3028e6ca07e71a5a665bf474180b47d5029db520b7a413b0d6ddfa?s=96&d=mm&r=g\",\"caption\":\"Ryan T\"},\"url\":\"https:\\\/\\\/firstaidcanada.com\\\/fr\\\/author\\\/ryanpixelcarve-com\\\/\"}]}<\/script>\n<!-- \/ Yoast SEO plugin. -->","yoast_head_json":{"title":"Workplace First Aid Training: Compliance and Beyond (2025 Standards) - First Aid Canada","robots":{"index":"index","follow":"follow","max-snippet":"max-snippet:-1","max-image-preview":"max-image-preview:large","max-video-preview":"max-video-preview:-1"},"canonical":"https:\/\/www.firstaidcanada.com\/workplace-first-aid-training-compliance-and-beyond-2025-standards\/","og_locale":"fr_CA","og_type":"article","og_title":"Workplace First Aid Training: Compliance and Beyond (2025 Standards) - First Aid Canada","og_description":"Workplaces these days are far busier, more diverse, and more demanding than they have been. As awareness continues to grow regarding the importance of employee safety and the associated legal necessities in recent times, Workplace First Aid Training leads the way for organizational health strategies. By 2025, the safety updates, as well as industry-specific mandatesContinue reading \"Workplace First Aid Training: Compliance and Beyond (2025 Standards)\"","og_url":"https:\/\/www.firstaidcanada.com\/workplace-first-aid-training-compliance-and-beyond-2025-standards\/","og_site_name":"First Aid Canada","article_publisher":"https:\/\/www.facebook.com\/FirstAidCanada","article_published_time":"2025-05-20T09:20:49+00:00","article_modified_time":"2025-08-06T11:30:54+00:00","og_image":[{"width":800,"height":449,"url":"https:\/\/www.firstaidcanada.com\/wp-content\/uploads\/2025\/05\/image-1.webp","type":"image\/webp"}],"author":"Ryan T","twitter_card":"summary_large_image","twitter_creator":"@firstaidcanada","twitter_site":"@firstaidcanada","twitter_misc":{"Written by":"Ryan T","Est. reading time":"5 minutes"},"schema":{"@context":"https:\/\/schema.org","@graph":[{"@type":"Article","@id":"https:\/\/www.firstaidcanada.com\/workplace-first-aid-training-compliance-and-beyond-2025-standards\/#article","isPartOf":{"@id":"https:\/\/www.firstaidcanada.com\/workplace-first-aid-training-compliance-and-beyond-2025-standards\/"},"author":{"name":"Ryan T","@id":"https:\/\/www.firstaidcanada.com\/#\/schema\/person\/f9b0096a824f637ae0f9e6189dd8fbc4"},"headline":"Workplace First Aid Training: Compliance and Beyond (2025 Standards)","datePublished":"2025-05-20T09:20:49+00:00","dateModified":"2025-08-06T11:30:54+00:00","mainEntityOfPage":{"@id":"https:\/\/www.firstaidcanada.com\/workplace-first-aid-training-compliance-and-beyond-2025-standards\/"},"wordCount":1104,"publisher":{"@id":"https:\/\/www.firstaidcanada.com\/#organization"},"image":{"@id":"https:\/\/www.firstaidcanada.com\/workplace-first-aid-training-compliance-and-beyond-2025-standards\/#primaryimage"},"thumbnailUrl":"https:\/\/firstaidcanada.com\/wp-content\/uploads\/2025\/05\/image-1.webp","articleSection":["First Aid"],"inLanguage":"fr-CA"},{"@type":"WebPage","@id":"https:\/\/www.firstaidcanada.com\/workplace-first-aid-training-compliance-and-beyond-2025-standards\/","url":"https:\/\/www.firstaidcanada.com\/workplace-first-aid-training-compliance-and-beyond-2025-standards\/","name":"Workplace First Aid Training: Compliance and Beyond (2025 Standards) - First Aid Canada","isPartOf":{"@id":"https:\/\/www.firstaidcanada.com\/#website"},"primaryImageOfPage":{"@id":"https:\/\/www.firstaidcanada.com\/workplace-first-aid-training-compliance-and-beyond-2025-standards\/#primaryimage"},"image":{"@id":"https:\/\/www.firstaidcanada.com\/workplace-first-aid-training-compliance-and-beyond-2025-standards\/#primaryimage"},"thumbnailUrl":"https:\/\/firstaidcanada.com\/wp-content\/uploads\/2025\/05\/image-1.webp","datePublished":"2025-05-20T09:20:49+00:00","dateModified":"2025-08-06T11:30:54+00:00","breadcrumb":{"@id":"https:\/\/www.firstaidcanada.com\/workplace-first-aid-training-compliance-and-beyond-2025-standards\/#breadcrumb"},"inLanguage":"fr-CA","potentialAction":[{"@type":"ReadAction","target":["https:\/\/www.firstaidcanada.com\/workplace-first-aid-training-compliance-and-beyond-2025-standards\/"]}]},{"@type":"ImageObject","inLanguage":"fr-CA","@id":"https:\/\/www.firstaidcanada.com\/workplace-first-aid-training-compliance-and-beyond-2025-standards\/#primaryimage","url":"https:\/\/firstaidcanada.com\/wp-content\/uploads\/2025\/05\/image-1.webp","contentUrl":"https:\/\/firstaidcanada.com\/wp-content\/uploads\/2025\/05\/image-1.webp","width":800,"height":449,"caption":"First aid workplace safety image - First Aid Canada"},{"@type":"BreadcrumbList","@id":"https:\/\/www.firstaidcanada.com\/workplace-first-aid-training-compliance-and-beyond-2025-standards\/#breadcrumb","itemListElement":[{"@type":"ListItem","position":1,"name":"Home","item":"https:\/\/firstaidcanada.com\/"},{"@type":"ListItem","position":2,"name":"Workplace First Aid Training: Compliance and Beyond (2025 Standards)"}]},{"@type":"WebSite","@id":"https:\/\/www.firstaidcanada.com\/#website","url":"https:\/\/www.firstaidcanada.com\/","name":"Premiers secours Canada","description":"La vie est pr\u00e9cieuse. Soyez pr\u00eat.","publisher":{"@id":"https:\/\/www.firstaidcanada.com\/#organization"},"potentialAction":[{"@type":"SearchAction","target":{"@type":"EntryPoint","urlTemplate":"https:\/\/www.firstaidcanada.com\/?s={search_term_string}"},"query-input":{"@type":"PropertyValueSpecification","valueRequired":true,"valueName":"search_term_string"}}],"inLanguage":"fr-CA"},{"@type":"Organization","@id":"https:\/\/www.firstaidcanada.com\/#organization","name":"Premiers secours Canada","url":"https:\/\/www.firstaidcanada.com\/","logo":{"@type":"ImageObject","inLanguage":"fr-CA","@id":"https:\/\/www.firstaidcanada.com\/#\/schema\/logo\/image\/","url":"https:\/\/www.firstaidcanada.com\/wp-content\/uploads\/2026\/03\/logo-share-fac.png","contentUrl":"https:\/\/www.firstaidcanada.com\/wp-content\/uploads\/2026\/03\/logo-share-fac.png","width":696,"height":696,"caption":"First Aid Canada"},"image":{"@id":"https:\/\/www.firstaidcanada.com\/#\/schema\/logo\/image\/"},"sameAs":["https:\/\/www.facebook.com\/FirstAidCanada","https:\/\/x.com\/firstaidcanada","https:\/\/www.instagram.com\/firstaidcanada\/","https:\/\/www.linkedin.com\/company\/first-aid-canada"]},{"@type":"Person","@id":"https:\/\/www.firstaidcanada.com\/#\/schema\/person\/f9b0096a824f637ae0f9e6189dd8fbc4","name":"Ryan T","image":{"@type":"ImageObject","inLanguage":"fr-CA","@id":"https:\/\/secure.gravatar.com\/avatar\/726372739e3028e6ca07e71a5a665bf474180b47d5029db520b7a413b0d6ddfa?s=96&d=mm&r=g","url":"https:\/\/secure.gravatar.com\/avatar\/726372739e3028e6ca07e71a5a665bf474180b47d5029db520b7a413b0d6ddfa?s=96&d=mm&r=g","contentUrl":"https:\/\/secure.gravatar.com\/avatar\/726372739e3028e6ca07e71a5a665bf474180b47d5029db520b7a413b0d6ddfa?s=96&d=mm&r=g","caption":"Ryan T"},"url":"https:\/\/firstaidcanada.com\/fr\/author\/ryanpixelcarve-com\/"}]}},"_links":{"self":[{"href":"https:\/\/firstaidcanada.com\/fr\/wp-json\/wp\/v2\/posts\/56029","targetHints":{"allow":["GET"]}}],"collection":[{"href":"https:\/\/firstaidcanada.com\/fr\/wp-json\/wp\/v2\/posts"}],"about":[{"href":"https:\/\/firstaidcanada.com\/fr\/wp-json\/wp\/v2\/types\/post"}],"author":[{"embeddable":true,"href":"https:\/\/firstaidcanada.com\/fr\/wp-json\/wp\/v2\/users\/7265"}],"replies":[{"embeddable":true,"href":"https:\/\/firstaidcanada.com\/fr\/wp-json\/wp\/v2\/comments?post=56029"}],"version-history":[{"count":1,"href":"https:\/\/firstaidcanada.com\/fr\/wp-json\/wp\/v2\/posts\/56029\/revisions"}],"predecessor-version":[{"id":56047,"href":"https:\/\/firstaidcanada.com\/fr\/wp-json\/wp\/v2\/posts\/56029\/revisions\/56047"}],"wp:featuredmedia":[{"embeddable":true,"href":"https:\/\/firstaidcanada.com\/fr\/wp-json\/wp\/v2\/media\/56033"}],"wp:attachment":[{"href":"https:\/\/firstaidcanada.com\/fr\/wp-json\/wp\/v2\/media?parent=56029"}],"wp:term":[{"taxonomy":"category","embeddable":true,"href":"https:\/\/firstaidcanada.com\/fr\/wp-json\/wp\/v2\/categories?post=56029"},{"taxonomy":"post_tag","embeddable":true,"href":"https:\/\/firstaidcanada.com\/fr\/wp-json\/wp\/v2\/tags?post=56029"}],"curies":[{"name":"wp","href":"https:\/\/api.w.org\/{rel}","templated":true}]}}