{"id":56463,"date":"2025-07-08T03:26:54","date_gmt":"2025-07-08T07:26:54","guid":{"rendered":"https:\/\/firstaidcanada.com\/?p=56463"},"modified":"2025-08-06T07:18:00","modified_gmt":"2025-08-06T11:18:00","slug":"private-first-aid-training-personalized-safety-for-families-small-groups","status":"publish","type":"post","link":"https:\/\/firstaidcanada.com\/fr\/private-first-aid-training-personalized-safety-for-families-small-groups\/","title":{"rendered":"Formation priv\u00e9e aux premiers secours : une s\u00e9curit\u00e9 personnalis\u00e9e pour les familles et les petits groupes"},"content":{"rendered":"<p><span style=\"font-size: medium;\">La vie est impr\u00e9visible, et savoir r\u00e9agir en cas d&#039;urgence peut sauver des vies. <\/span><span style=\"font-size: medium;\"><b>Formation priv\u00e9e aux premiers secours<\/b><\/span><span style=\"font-size: medium;\"> Premiers soins Canada propose une approche personnalis\u00e9e et pratique pour acqu\u00e9rir des comp\u00e9tences essentielles, adapt\u00e9e aux besoins de votre famille ou de votre petit groupe. L&#039;organisme cr\u00e9e un environnement stimulant et encourageant pour vous aider \u00e0 vous sentir pr\u00eat \u00e0 toute \u00e9ventualit\u00e9.<\/span><\/p>\n<h3><b>Les avantages d&#039;une formation priv\u00e9e aux premiers secours pour les familles<\/b><\/span><\/h3>\n<p><span style=\"font-size: medium;\">Les familles veulent assurer la s\u00e9curit\u00e9 de leurs proches, et <\/span><span style=\"font-size: medium;\"><b>Formation priv\u00e9e aux premiers secours<\/b><\/span><span style=\"font-size: medium;\"> Gr\u00e2ce \u00e0 des le\u00e7ons personnalis\u00e9es, Premiers soins Canada con\u00e7oit des cours adapt\u00e9s \u00e0 votre foyer, que vous preniez soin d&#039;enfants, de personnes \u00e2g\u00e9es ou d&#039;une personne ayant des probl\u00e8mes de sant\u00e9. Apprendre \u00e0 la maison est naturel et renforce la confiance en soi.<\/span><\/p>\n<ul>\n<li>\n<p><span style=\"font-size: medium;\"><b>Conseils cibl\u00e9s<\/b><\/span><span style=\"font-size: medium;\">Les instructeurs offrent un encadrement individualis\u00e9, garantissant ainsi que chacun ma\u00eetrise des comp\u00e9tences telles que la r\u00e9animation cardio-respiratoire ou le traitement des coupures.<\/span><\/p>\n<\/li>\n<li>\n<p><span style=\"font-size: medium;\"><b>Horaires flexibles<\/b><\/span><span style=\"font-size: medium;\">: <\/span><span style=\"font-size: medium;\"><b>Cours priv\u00e9s de RCR<\/b><\/span><span style=\"font-size: medium;\"> s&#039;adaptera \u00e0 votre emploi du temps, facilitant ainsi l&#039;apprentissage en famille.<\/span><\/p>\n<\/li>\n<li>\n<p><span style=\"font-size: medium;\"><b>Confiance accrue<\/b><\/span><span style=\"font-size: medium;\">Un cadre d\u00e9tendu encourage les questions, permettant \u00e0 chacun de se sentir pr\u00e9par\u00e9 aux situations d&#039;urgence.<\/span><\/p>\n<\/li>\n<li>\n<p><span style=\"font-size: medium;\"><b>travail d&#039;\u00e9quipe<\/b><\/span><span style=\"font-size: medium;\">S\u2019entra\u00eener ensemble renforce les liens familiaux et apprend \u00e0 agir comme une seule unit\u00e9 en cas de crise.<\/span><\/p>\n<\/li>\n<\/ul>\n<p><span style=\"font-size: medium;\">Avec <\/span><span style=\"font-size: medium;\"><b>Formation aux premiers secours personnels<\/b><\/span><span style=\"font-size: medium;\">, Vous pr\u00e9parez ainsi votre famille \u00e0 g\u00e9rer les situations d&#039;urgence avec calme et s\u00e9r\u00e9nit\u00e9.<\/span><\/p>\n<h3><b>Comment les cours priv\u00e9s de secourisme offrent des exp\u00e9riences d&#039;apprentissage personnalis\u00e9es<\/b><\/span><\/h3>\n<p><span style=\"font-size: medium;\">Contrairement aux cours standardis\u00e9s, <\/span><span style=\"font-size: medium;\"><b>Formation priv\u00e9e aux premiers secours<\/b><\/span><span style=\"font-size: medium;\"> est con\u00e7u autour de vous. Premiers secours Canada <\/span><span style=\"font-size: medium;\"><b>Certification individuelle en premiers secours<\/b><\/span><span style=\"font-size: medium;\"> Nos programmes sont ax\u00e9s sur ce qui compte le plus pour votre groupe, qu&#039;il s&#039;agisse d&#039;accidents domestiques ou de risques professionnels. C&#039;est un apprentissage pertinent et durable.<\/span><\/p>\n<p><span style=\"font-size: medium;\">Voici pourquoi c&#039;est diff\u00e9rent :<\/span><\/p>\n<ul>\n<li>\n<p><span style=\"font-size: medium;\"><b>Sc\u00e9narios r\u00e9els<\/b><\/span><span style=\"font-size: medium;\">Entra\u00eenez-vous \u00e0 g\u00e9rer des situations comme l&#039;\u00e9touffement ou l&#039;\u00e9vanouissement, en les adaptant \u00e0 votre environnement.<\/span><\/p>\n<\/li>\n<li>\n<p><span style=\"font-size: medium;\"><b>Contenu personnalis\u00e9<\/b><\/span><span style=\"font-size: medium;\">Les instructeurs adaptent les le\u00e7ons pour inclure des \u00e9l\u00e9ments tels que la r\u00e9animation cardio-respiratoire infantile ou les soins des allergies, en fonction de vos besoins.<\/span><\/p>\n<\/li>\n<li>\n<p><span style=\"font-size: medium;\"><b>Commentaires personnels<\/b><\/span><span style=\"font-size: medium;\">Les petits groupes permettent de consacrer plus de temps aux corrections pratiques, ce qui vous permettra de perfectionner vos comp\u00e9tences.<\/span><\/p>\n<\/li>\n<li>\n<p><span style=\"font-size: medium;\"><b>Votre rythme<\/b><\/span><span style=\"font-size: medium;\">: <\/span><span style=\"font-size: medium;\"><b>Cours priv\u00e9s de RCR et de premiers secours<\/b><\/span><span style=\"font-size: medium;\"> Adaptez-vous \u00e0 la vitesse d&#039;apprentissage que vous souhaitez suivre.<\/span><\/p>\n<\/li>\n<\/ul>\n<p><span style=\"font-size: medium;\"><b>Formation aux premiers secours personnalis\u00e9e<\/b><\/span><span style=\"font-size: medium;\"> vous assure de repartir avec le sentiment d&#039;\u00eatre comp\u00e9tent et pr\u00eat.<\/span><\/p>\n<h3><b>Formation priv\u00e9e pour petits groupes\u00a0: quand est-ce le bon choix\u00a0?<\/b><\/span><\/h3>\n<p><span style=\"font-size: medium;\">Que ce soit un club de lecture, une \u00e9quipe sportive ou un petit bureau, <\/span><span style=\"font-size: medium;\"><b>Formation priv\u00e9e aux premiers secours<\/b><\/span><span style=\"font-size: medium;\"> est un atout majeur pour les groupes. Premiers secours Canada <\/span><span style=\"font-size: medium;\"><b>Cours priv\u00e9s de RCR<\/b><\/span><span style=\"font-size: medium;\"> R\u00e9unir les gens pour apprendre en \u00e9quipe, renforcer la confiance et la pr\u00e9paration. Mais quand la formation priv\u00e9e est-elle pertinente\u00a0?<\/span><\/p>\n<p><span style=\"font-size: medium;\">C&#039;est le bon choix lorsque :<\/span><\/p>\n<ul>\n<li>\n<p><span style=\"font-size: medium;\"><b>Vous avez des besoins uniques<\/b><\/span><span style=\"font-size: medium;\">Des groupes comme les athl\u00e8tes ou les aidants familiaux b\u00e9n\u00e9ficient de cours ax\u00e9s sur leurs risques sp\u00e9cifiques.<\/span><\/p>\n<\/li>\n<li>\n<p><span style=\"font-size: medium;\"><b>Le respect de la vie priv\u00e9e est essentiel<\/b><\/span><span style=\"font-size: medium;\">Un cadre priv\u00e9 offre un sentiment de s\u00e9curit\u00e9 accru pour les discussions ouvertes ou le renforcement d&#039;\u00e9quipe.<\/span><\/p>\n<\/li>\n<li>\n<p><span style=\"font-size: medium;\"><b>Les horaires sont serr\u00e9s.<\/b><\/span><span style=\"font-size: medium;\">: <\/span><span style=\"font-size: medium;\"><b>Cours priv\u00e9s de RCR et de premiers secours<\/b><\/span><span style=\"font-size: medium;\"> Cela peut se produire quand et o\u00f9 cela vous convient.<\/span><\/p>\n<\/li>\n<li>\n<p><span style=\"font-size: medium;\"><b>Le travail d&#039;\u00e9quipe est essentiel.<\/b><\/span><span style=\"font-size: medium;\">Apprendre ensemble permet aux groupes d&#039;agir rapidement et efficacement en cas d&#039;urgence.<\/span><\/p>\n<\/li>\n<\/ul>\n<p><span style=\"font-size: medium;\"><b>Formation aux premiers secours personnels<\/b><\/span><span style=\"font-size: medium;\"> permet aux petits groupes de rester en s\u00e9curit\u00e9 et de maintenir le contact.<\/span><\/p>\n<h3><b>\u00c0 quoi s&#039;attendre des cours priv\u00e9s de secourisme ?<\/b><\/span><\/h3>\n<p><span style=\"font-size: medium;\">S&#039;inscrire \u00e0 <\/span><span style=\"font-size: medium;\"><b>Formation priv\u00e9e aux premiers secours<\/b><\/span><span style=\"font-size: medium;\"> Les formations de premiers secours au Canada sont \u00e0 la fois passionnantes et simples. Ces s\u00e9ances allient des explications claires \u00e0 de nombreux exercices pratiques, vous permettant ainsi d&#039;acqu\u00e9rir les comp\u00e9tences n\u00e9cessaires. <\/span><span style=\"font-size: medium;\"><b>Certification individuelle en premiers secours<\/b><\/span><span style=\"font-size: medium;\"> avec confiance. Savoir \u00e0 quoi s&#039;attendre rend la chose encore plus accessible.<\/span><\/p>\n<p><span style=\"font-size: medium;\">Vous vivrez :<\/span><\/p>\n<ul>\n<li>\n<p><span style=\"font-size: medium;\"><b>Programme complet<\/b><\/span><span style=\"font-size: medium;\">Apprenez les gestes de premiers secours, l\u2019utilisation d\u2019un DEA, les techniques de d\u00e9gagement de l\u2019\u00e9touffement et les soins des plaies, le tout conforme aux normes CSA Z1210-17.<\/span><\/p>\n<\/li>\n<li>\n<p><span style=\"font-size: medium;\"><b>Activit\u00e9s manuelles amusantes<\/b><\/span><span style=\"font-size: medium;\">Entra\u00eenez-vous sur des mannequins ou dans des mises en situation pour automatiser vos gestes.<\/span><\/p>\n<\/li>\n<li>\n<p><span style=\"font-size: medium;\"><b>Enseignants experts<\/b><\/span><span style=\"font-size: medium;\">Des instructeurs sympathiques et certifi\u00e9s partagent des conseils tir\u00e9s de leur exp\u00e9rience concr\u00e8te.<\/span><\/p>\n<\/li>\n<li>\n<p><span style=\"font-size: medium;\"><b>Certification officielle<\/b><\/span><span style=\"font-size: medium;\">Terminez la formation par l&#039;obtention d&#039;un certificat de trois ans reconnu au niveau national.<\/span><\/p>\n<\/li>\n<\/ul>\n<p><span style=\"font-size: medium;\"><b>Formation aux premiers secours personnalis\u00e9e<\/b><\/span><span style=\"font-size: medium;\"> Il est captivant, pratique et vous laisse un sentiment de pr\u00e9paration.<\/span><\/p>\n<h3><b>Cr\u00e9er un environnement s\u00fbr \u00e0 la maison gr\u00e2ce \u00e0 une formation priv\u00e9e aux premiers secours<\/b><\/span><\/h3>\n<p><span style=\"font-size: medium;\">Votre maison devrait \u00eatre un refuge s\u00fbr, et <\/span><span style=\"font-size: medium;\"><b>Formation priv\u00e9e aux premiers secours<\/b><\/span><span style=\"font-size: medium;\"> contribue \u00e0 en faire une. Premiers secours Canada <\/span><span style=\"font-size: medium;\"><b>Cours priv\u00e9s de RCR<\/b><\/span><span style=\"font-size: medium;\"> Mettez l&#039;accent sur les risques tels que les accidents de cuisine ou les probl\u00e8mes de sant\u00e9 soudains, en donnant \u00e0 votre famille les outils n\u00e9cessaires pour agir rapidement et garder son calme.<\/span><\/p>\n<p><span style=\"font-size: medium;\"><b>La formation transforme votre maison en :<\/b><\/span><\/p>\n<ul>\n<li>\n<p><span style=\"font-size: medium;\"><b>S&#039;attaquer aux risques communs<\/b><\/span><span style=\"font-size: medium;\">Apprenez \u00e0 g\u00e9rer facilement les br\u00fblures, les chutes ou les r\u00e9actions allergiques.<\/span><\/p>\n<\/li>\n<li>\n<p><span style=\"font-size: medium;\"><b>Y compris tout le monde<\/b><\/span><span style=\"font-size: medium;\">Les cours sont adapt\u00e9s \u00e0 tous les \u00e2ges, afin que les enfants et les grands-parents puissent participer.<\/span><\/p>\n<\/li>\n<li>\n<p><span style=\"font-size: medium;\"><b>Encourager la pr\u00e9vention<\/b><\/span><span style=\"font-size: medium;\">Vous rep\u00e9rerez les dangers et ferez le plein de produits essentiels comme des trousses de premiers secours.<\/span><\/p>\n<\/li>\n<li>\n<p><span style=\"font-size: medium;\"><b>Planifier \u00e0 l&#039;avance<\/b><\/span><span style=\"font-size: medium;\">\u00c9laborez un plan d&#039;urgence familial pour rester organis\u00e9 en cas de crise.<\/span><\/p>\n<\/li>\n<\/ul>\n<p><span style=\"font-size: medium;\"><b>Formation aux premiers secours personnels<\/b><\/span><span style=\"font-size: medium;\"> transforme votre maison en un lieu o\u00f9 la s\u00e9curit\u00e9 est primordiale.<\/span><\/p>\n<h3><b>Formation priv\u00e9e aux premiers secours ou cours collectifs\u00a0: quelle est la meilleure option pour vous\u00a0?<\/b><\/span><\/h3>\n<p><span style=\"font-size: medium;\">Choisir entre <\/span><span style=\"font-size: medium;\"><b>Formation priv\u00e9e aux premiers secours<\/b><\/span><span style=\"font-size: medium;\"> Les cours collectifs peuvent para\u00eetre intimidants, mais Premiers secours Canada l&#039;explique clairement. Les s\u00e9ances priv\u00e9es offrent un accompagnement personnalis\u00e9. <\/span><span style=\"font-size: medium;\"><b>Certification individuelle en premiers secours<\/b><\/span><span style=\"font-size: medium;\">, Les cours individuels, quant \u00e0 eux, sont plus g\u00e9n\u00e9ralistes. Voici une comparaison.<\/span><\/p>\n<ul>\n<li>\n<p><span style=\"font-size: medium;\"><b>Entra\u00eenement priv\u00e9<\/b><\/span><span style=\"font-size: medium;\">:<\/span><\/p>\n<ul>\n<li>\n<p><span style=\"font-size: medium;\">Des cours adapt\u00e9s \u00e0 vos besoins.<\/span><\/p>\n<\/li>\n<li>\n<p><span style=\"font-size: medium;\">Choisissez l&#039;heure et le lieu.<\/span><\/p>\n<\/li>\n<li>\n<p><span style=\"font-size: medium;\">Parfait pour les familles ou les \u00e9quipes qui souhaitent <\/span><span style=\"font-size: medium;\"><b>Cours priv\u00e9s de RCR et de premiers secours<\/b><\/span><span style=\"font-size: medium;\">.<\/span><\/p>\n<\/li>\n<li>\n<p><span style=\"font-size: medium;\">Plus cher, mais cela vaut la peine de s&#039;y int\u00e9resser.<\/span><\/p>\n<\/li>\n<\/ul>\n<\/li>\n<li>\n<p><span style=\"font-size: medium;\"><b>Cours collectifs<\/b><\/span><span style=\"font-size: medium;\">:<\/span><\/p>\n<ul>\n<li>\n<p><span style=\"font-size: medium;\">Adapt\u00e9 \u00e0 un budget pour une personne.<\/span><\/p>\n<\/li>\n<li>\n<p><span style=\"font-size: medium;\">D\u00e9finir les horaires et les lieux.<\/span><\/p>\n<\/li>\n<li>\n<p><span style=\"font-size: medium;\">Moins structur\u00e9, avec des groupes mixtes.<\/span><\/p>\n<\/li>\n<li>\n<p><span style=\"font-size: medium;\">Bien pour acqu\u00e9rir des comp\u00e9tences de base, mais moins ax\u00e9 sur le contact humain.<\/span><\/p>\n<\/li>\n<\/ul>\n<\/li>\n<\/ul>\n<p><span style=\"font-size: medium;\"><b>Formation aux premiers secours personnalis\u00e9e<\/b><\/span><span style=\"font-size: medium;\"> Elle brille par sa capacit\u00e9 \u00e0 valoriser la flexibilit\u00e9 et la pertinence.<\/span><\/p>\n<h3><b>Comment les cours priv\u00e9s de premiers secours am\u00e9liorent la pr\u00e9paration aux situations d&#039;urgence<\/b><\/span><\/h3>\n<p><span style=\"font-size: medium;\">Se pr\u00e9parer \u00e0 une situation d&#039;urgence commence par poss\u00e9der les comp\u00e9tences ad\u00e9quates, et <\/span><span style=\"font-size: medium;\"><b>Formation priv\u00e9e aux premiers secours<\/b><\/span><span style=\"font-size: medium;\"> livraison. Premiers secours Canada <\/span><span style=\"font-size: medium;\"><b>Cours priv\u00e9s de RCR<\/b><\/span><span style=\"font-size: medium;\"> vous apprendre \u00e0 g\u00e9rer avec assurance toutes les situations, des crises cardiaques aux blessures, pour que vous ne soyez jamais pris au d\u00e9pourvu.<\/span><\/p>\n<p><span style=\"font-size: medium;\">Ces cours vous pr\u00e9parent en :<\/span><\/p>\n<ul>\n<li>\n<p><span style=\"font-size: medium;\"><b>Se concentrer sur la r\u00e9alit\u00e9<\/b><\/span><span style=\"font-size: medium;\">: Entra\u00eenez-vous \u00e0 des sc\u00e9narios auxquels vous pourriez \u00eatre r\u00e9ellement confront\u00e9s, pour que les comp\u00e9tences deviennent naturelles.<\/span><\/p>\n<\/li>\n<li>\n<p><span style=\"font-size: medium;\"><b>D\u00e9veloppement de la m\u00e9moire musculaire<\/b><\/span><span style=\"font-size: medium;\">La r\u00e9p\u00e9tition pratique vous aide \u00e0 agir sans h\u00e9sitation.<\/span><\/p>\n<\/li>\n<li>\n<p><span style=\"font-size: medium;\"><b>Renforcer les \u00e9quipes<\/b><\/span><span style=\"font-size: medium;\">Les groupes apprennent \u00e0 communiquer et \u00e0 travailler ensemble sous pression.<\/span><\/p>\n<\/li>\n<li>\n<p><span style=\"font-size: medium;\"><b>R\u00e9duire la panique<\/b><\/span><span style=\"font-size: medium;\">Savoir quoi faire permet de rester calme et de garder le contr\u00f4le.<\/span><\/p>\n<\/li>\n<\/ul>\n<p><span style=\"font-size: medium;\"><b>Formation aux premiers secours personnels<\/b><\/span><span style=\"font-size: medium;\"> vous procure la tranquillit\u00e9 d&#039;esprit de savoir que vous \u00eates pr\u00eat \u00e0 tout.<\/span><\/p>\n<p><span style=\"font-size: medium;\">Avec <\/span><span style=\"font-size: medium;\"><b>Formation priv\u00e9e aux premiers secours<\/b><\/span><span style=\"font-size: medium;\">, Premiers soins Canada aide les familles et les petits groupes \u00e0 acqu\u00e9rir des comp\u00e9tences qui sauvent, de fa\u00e7on personnalis\u00e9e et valorisante. Gr\u00e2ce \u00e0 des exercices pratiques et des le\u00e7ons sur mesure, ces cours renforcent la confiance et pr\u00e9parent les personnes \u00e0 intervenir. Inscrivez-vous d\u00e8s aujourd&#039;hui pour prot\u00e9ger ce qui compte le plus. <\/span><span style=\"font-size: medium;\"><b>Formation priv\u00e9e aux premiers secours<\/b><\/span><span style=\"font-size: medium;\">.<\/span><\/p>\n<h3>Foire aux questions (FAQ)<\/h3>\n<div class=\"accordion\">\n<div class=\"accordion__header is-active\">\n<h3>Qu&#039;est-ce qu&#039;une formation priv\u00e9e aux premiers secours\u00a0?<\/h3>\n<p><span class=\"accordion__toggle\"><\/span>\n<\/div>\n<div class=\"accordion__body is-active\">\n<p>La formation priv\u00e9e en secourisme est un cours personnalis\u00e9 de Premiers secours Canada qui enseigne des techniques de sauvetage telles que la RCR et les soins des plaies gr\u00e2ce \u00e0 un enseignement personnalis\u00e9 bas\u00e9 sur les besoins de votre famille ou de votre petit groupe.<\/p>\n<\/div>\n<div class=\"accordion__header\">\n<h3>Comment puis-je aider ma famille \u00e0 rester en s\u00e9curit\u00e9 ?<\/h3>\n<p><span class=\"accordion__toggle\"><\/span>\n<\/div>\n<div class=\"accordion__body\">\n<p>La formation priv\u00e9e aux premiers secours offre \u00e0 votre famille l&#039;opportunit\u00e9 d&#039;apprendre \u00e0 g\u00e9rer diverses urgences, notamment les br\u00fblures et l&#039;\u00e9touffement\u00a0; d&#039;apprendre le travail d&#039;\u00e9quipe\u00a0; et d&#039;\u00e9laborer un plan de s\u00e9curit\u00e9 familial pour se pr\u00e9parer aux situations d&#039;urgence.<\/p>\n<\/div>\n<div class=\"accordion__header\">\n<h3>En quoi l&#039;entra\u00eenement priv\u00e9 diff\u00e8re-t-il d&#039;un cours d&#039;entra\u00eenement collectif\u00a0?<\/h3>\n<p><span class=\"accordion__toggle\"><\/span>\n<\/div>\n<div class=\"accordion__body\">\n<p>La formation priv\u00e9e est un enseignement \u201c sur mesure \u201d offrant une flexibilit\u00e9 en termes d&#039;horaires et ax\u00e9 sur vos besoins, contrairement \u00e0 un cours collectif qui a un calendrier pr\u00e9cis et qui mise sur la flexibilit\u00e9 p\u00e9dagogique en cas de besoin.<\/p>\n<\/div>\n<div class=\"accordion__header\">\n<h3>Qu\u2019est-ce que je vais apprendre lors d\u2019un cours de secourisme priv\u00e9\u00a0?<\/h3>\n<p><span class=\"accordion__toggle\"><\/span>\n<\/div>\n<div class=\"accordion__body\">\n<p>Vous apprendrez les gestes de premiers secours, l&#039;utilisation d&#039;un d\u00e9fibrillateur automatis\u00e9 externe (DAE), les techniques de d\u00e9sobstruction des voies respiratoires et les soins des plaies gr\u00e2ce \u00e0 des exercices pratiques, et vous recevrez une certification valable trois ans.<\/p>\n<\/div>\n<div class=\"accordion__header\">\n<h3>Qui peut b\u00e9n\u00e9ficier d&#039;une formation priv\u00e9e aux premiers secours ?<\/h3>\n<p><span class=\"accordion__toggle\"><\/span>\n<\/div>\n<div class=\"accordion__body\">\n<p>Les familles peuvent b\u00e9n\u00e9ficier d&#039;un programme de cours personnalis\u00e9, et les petits groupes, tels que les \u00e9quipes ou les lieux de travail pr\u00e9sentant des diff\u00e9rences \u00e0 prendre en compte, peuvent acqu\u00e9rir la confiance n\u00e9cessaire pour savoir comment intervenir en cas d&#039;urgence.<\/p>\n<\/div>\n<\/div>\n<!-- HFCM by 99 Robots - Snippet # 6: accordion -->\n<script src=\"https:\/\/cdnjs.cloudflare.com\/ajax\/libs\/jquery\/3.2.1\/jquery.min.js\"><\/script>\r\n<script>\r\n\t\t$('.accordion__header').click(function(e) {\r\n\te.preventDefault();\r\n\tvar currentIsActive = $(this).hasClass('is-active');\r\n\t$(this).parent('.accordion').find('> *').removeClass('is-active');\r\n\tif(currentIsActive != 1) {\r\n\t\t$(this).addClass('is-active');\r\n\t\t$(this).next('.accordion__body').addClass('is-active');\r\n\t}\r\n});\r\n\t<\/script>\n<!-- \/end HFCM by 99 Robots -->","protected":false},"excerpt":{"rendered":"<p>La vie est impr\u00e9visible, et savoir r\u00e9agir en cas d&#039;urgence peut sauver des vies. La formation priv\u00e9e en secourisme offre une approche personnalis\u00e9e et pratique pour acqu\u00e9rir des comp\u00e9tences essentielles, adapt\u00e9e aux besoins de votre famille ou de votre petit groupe. Premiers secours Canada cr\u00e9e un environnement stimulant et bienveillant pour vous aider \u00e0 vous sentir pr\u00eat \u00e0 toute \u00e9ventualit\u00e9. Les avantages de la formation priv\u00e9e<a href=\"https:\/\/firstaidcanada.com\/fr\/private-first-aid-training-personalized-safety-for-families-small-groups\/\">Poursuivez votre lecture <span class=\"sr-only\">\u201c Formation priv\u00e9e aux premiers secours : une s\u00e9curit\u00e9 personnalis\u00e9e pour les familles et les petits groupes \u201d<\/span><\/a><\/p>","protected":false},"author":7265,"featured_media":56466,"comment_status":"closed","ping_status":"closed","sticky":false,"template":"","format":"standard","meta":{"_acf_changed":false,"ep_exclude_from_search":false,"footnotes":""},"categories":[1482,1483],"tags":[],"class_list":["post-56463","post","type-post","status-publish","format-standard","has-post-thumbnail","hentry","category-blog","category-first-aid"],"acf":[],"yoast_head":"<!-- This site is optimized with the Yoast SEO plugin v28.2 - https:\/\/yoast.com\/product\/yoast-seo-wordpress\/ -->\n<title>Private First Aid Training: Personalized Safety for Families &amp; Small Groups - First Aid Canada<\/title>\n<meta name=\"robots\" content=\"index, follow, max-snippet:-1, max-image-preview:large, max-video-preview:-1\" \/>\n<link rel=\"canonical\" href=\"https:\/\/firstaidcanada.com\/fr\/private-first-aid-training-personalized-safety-for-families-small-groups\/\" \/>\n<meta property=\"og:locale\" content=\"fr_CA\" \/>\n<meta property=\"og:type\" content=\"article\" \/>\n<meta property=\"og:title\" content=\"Private First Aid Training: Personalized Safety for Families &amp; Small Groups - First Aid Canada\" \/>\n<meta property=\"og:description\" content=\"Life is unpredictable, and if you how to respond in an emergency can save lives. Private First Aid Training offers a personal, hands-on way to learn critical skills, tailored to your family or small group\u2019s needs. First Aid Canada creates a supportive, engaging environment to help you feel ready for anything. The Benefits of PrivateContinue reading &quot;Private First Aid Training: Personalized Safety for Families &#038; Small Groups&quot;\" \/>\n<meta property=\"og:url\" content=\"https:\/\/firstaidcanada.com\/fr\/private-first-aid-training-personalized-safety-for-families-small-groups\/\" \/>\n<meta property=\"og:site_name\" content=\"First Aid Canada\" \/>\n<meta property=\"article:publisher\" content=\"https:\/\/www.facebook.com\/FirstAidCanada\" \/>\n<meta property=\"article:published_time\" content=\"2025-07-08T07:26:54+00:00\" \/>\n<meta property=\"article:modified_time\" content=\"2025-08-06T11:18:00+00:00\" \/>\n<meta property=\"og:image\" content=\"https:\/\/firstaidcanada.com\/wp-content\/uploads\/2025\/07\/749243264-04-private-first-aid-training-personalized-safety-for-families-small-groups.webp\" \/>\n\t<meta property=\"og:image:width\" content=\"700\" \/>\n\t<meta property=\"og:image:height\" content=\"393\" \/>\n\t<meta property=\"og:image:type\" content=\"image\/webp\" \/>\n<meta name=\"author\" content=\"Ryan T\" \/>\n<meta name=\"twitter:card\" content=\"summary_large_image\" \/>\n<meta name=\"twitter:creator\" content=\"@firstaidcanada\" \/>\n<meta name=\"twitter:site\" content=\"@firstaidcanada\" \/>\n<meta name=\"twitter:label1\" content=\"Written by\" \/>\n\t<meta name=\"twitter:data1\" content=\"Ryan T\" \/>\n\t<meta name=\"twitter:label2\" content=\"Est. reading time\" \/>\n\t<meta name=\"twitter:data2\" content=\"6 minutes\" \/>\n<script type=\"application\/ld+json\" class=\"yoast-schema-graph\">{\"@context\":\"https:\\\/\\\/schema.org\",\"@graph\":[{\"@type\":\"Article\",\"@id\":\"https:\\\/\\\/firstaidcanada.com\\\/private-first-aid-training-personalized-safety-for-families-small-groups\\\/#article\",\"isPartOf\":{\"@id\":\"https:\\\/\\\/firstaidcanada.com\\\/private-first-aid-training-personalized-safety-for-families-small-groups\\\/\"},\"author\":{\"name\":\"Ryan T\",\"@id\":\"https:\\\/\\\/www.firstaidcanada.com\\\/#\\\/schema\\\/person\\\/f9b0096a824f637ae0f9e6189dd8fbc4\"},\"headline\":\"Private First Aid Training: Personalized Safety for Families &#038; Small Groups\",\"datePublished\":\"2025-07-08T07:26:54+00:00\",\"dateModified\":\"2025-08-06T11:18:00+00:00\",\"mainEntityOfPage\":{\"@id\":\"https:\\\/\\\/firstaidcanada.com\\\/private-first-aid-training-personalized-safety-for-families-small-groups\\\/\"},\"wordCount\":1202,\"publisher\":{\"@id\":\"https:\\\/\\\/www.firstaidcanada.com\\\/#organization\"},\"image\":{\"@id\":\"https:\\\/\\\/firstaidcanada.com\\\/private-first-aid-training-personalized-safety-for-families-small-groups\\\/#primaryimage\"},\"thumbnailUrl\":\"https:\\\/\\\/firstaidcanada.com\\\/wp-content\\\/uploads\\\/2025\\\/07\\\/749243264-04-private-first-aid-training-personalized-safety-for-families-small-groups.webp\",\"articleSection\":[\"Blog\",\"First Aid\"],\"inLanguage\":\"fr-CA\"},{\"@type\":\"WebPage\",\"@id\":\"https:\\\/\\\/firstaidcanada.com\\\/private-first-aid-training-personalized-safety-for-families-small-groups\\\/\",\"url\":\"https:\\\/\\\/firstaidcanada.com\\\/private-first-aid-training-personalized-safety-for-families-small-groups\\\/\",\"name\":\"Private First Aid Training: Personalized Safety for Families & Small Groups - First Aid Canada\",\"isPartOf\":{\"@id\":\"https:\\\/\\\/www.firstaidcanada.com\\\/#website\"},\"primaryImageOfPage\":{\"@id\":\"https:\\\/\\\/firstaidcanada.com\\\/private-first-aid-training-personalized-safety-for-families-small-groups\\\/#primaryimage\"},\"image\":{\"@id\":\"https:\\\/\\\/firstaidcanada.com\\\/private-first-aid-training-personalized-safety-for-families-small-groups\\\/#primaryimage\"},\"thumbnailUrl\":\"https:\\\/\\\/firstaidcanada.com\\\/wp-content\\\/uploads\\\/2025\\\/07\\\/749243264-04-private-first-aid-training-personalized-safety-for-families-small-groups.webp\",\"datePublished\":\"2025-07-08T07:26:54+00:00\",\"dateModified\":\"2025-08-06T11:18:00+00:00\",\"breadcrumb\":{\"@id\":\"https:\\\/\\\/firstaidcanada.com\\\/private-first-aid-training-personalized-safety-for-families-small-groups\\\/#breadcrumb\"},\"inLanguage\":\"fr-CA\",\"potentialAction\":[{\"@type\":\"ReadAction\",\"target\":[\"https:\\\/\\\/firstaidcanada.com\\\/private-first-aid-training-personalized-safety-for-families-small-groups\\\/\"]}]},{\"@type\":\"ImageObject\",\"inLanguage\":\"fr-CA\",\"@id\":\"https:\\\/\\\/firstaidcanada.com\\\/private-first-aid-training-personalized-safety-for-families-small-groups\\\/#primaryimage\",\"url\":\"https:\\\/\\\/firstaidcanada.com\\\/wp-content\\\/uploads\\\/2025\\\/07\\\/749243264-04-private-first-aid-training-personalized-safety-for-families-small-groups.webp\",\"contentUrl\":\"https:\\\/\\\/firstaidcanada.com\\\/wp-content\\\/uploads\\\/2025\\\/07\\\/749243264-04-private-first-aid-training-personalized-safety-for-families-small-groups.webp\",\"width\":700,\"height\":393,\"caption\":\"264-04-private-first-aid-training-personalized-safety-for-families-small-groups - first aid training equipment\"},{\"@type\":\"BreadcrumbList\",\"@id\":\"https:\\\/\\\/firstaidcanada.com\\\/private-first-aid-training-personalized-safety-for-families-small-groups\\\/#breadcrumb\",\"itemListElement\":[{\"@type\":\"ListItem\",\"position\":1,\"name\":\"Home\",\"item\":\"https:\\\/\\\/firstaidcanada.com\\\/\"},{\"@type\":\"ListItem\",\"position\":2,\"name\":\"Private First Aid Training: Personalized Safety for Families &#038; Small Groups\"}]},{\"@type\":\"WebSite\",\"@id\":\"https:\\\/\\\/www.firstaidcanada.com\\\/#website\",\"url\":\"https:\\\/\\\/www.firstaidcanada.com\\\/\",\"name\":\"First Aid Canada\",\"description\":\"Life is Precious. Be Prepared.\",\"publisher\":{\"@id\":\"https:\\\/\\\/www.firstaidcanada.com\\\/#organization\"},\"potentialAction\":[{\"@type\":\"SearchAction\",\"target\":{\"@type\":\"EntryPoint\",\"urlTemplate\":\"https:\\\/\\\/www.firstaidcanada.com\\\/?s={search_term_string}\"},\"query-input\":{\"@type\":\"PropertyValueSpecification\",\"valueRequired\":true,\"valueName\":\"search_term_string\"}}],\"inLanguage\":\"fr-CA\"},{\"@type\":\"Organization\",\"@id\":\"https:\\\/\\\/www.firstaidcanada.com\\\/#organization\",\"name\":\"First Aid Canada\",\"url\":\"https:\\\/\\\/www.firstaidcanada.com\\\/\",\"logo\":{\"@type\":\"ImageObject\",\"inLanguage\":\"fr-CA\",\"@id\":\"https:\\\/\\\/www.firstaidcanada.com\\\/#\\\/schema\\\/logo\\\/image\\\/\",\"url\":\"https:\\\/\\\/www.firstaidcanada.com\\\/wp-content\\\/uploads\\\/2026\\\/03\\\/logo-share-fac.png\",\"contentUrl\":\"https:\\\/\\\/www.firstaidcanada.com\\\/wp-content\\\/uploads\\\/2026\\\/03\\\/logo-share-fac.png\",\"width\":696,\"height\":696,\"caption\":\"First Aid Canada\"},\"image\":{\"@id\":\"https:\\\/\\\/www.firstaidcanada.com\\\/#\\\/schema\\\/logo\\\/image\\\/\"},\"sameAs\":[\"https:\\\/\\\/www.facebook.com\\\/FirstAidCanada\",\"https:\\\/\\\/x.com\\\/firstaidcanada\",\"https:\\\/\\\/www.instagram.com\\\/firstaidcanada\\\/\",\"https:\\\/\\\/www.linkedin.com\\\/company\\\/first-aid-canada\"]},{\"@type\":\"Person\",\"@id\":\"https:\\\/\\\/www.firstaidcanada.com\\\/#\\\/schema\\\/person\\\/f9b0096a824f637ae0f9e6189dd8fbc4\",\"name\":\"Ryan T\",\"image\":{\"@type\":\"ImageObject\",\"inLanguage\":\"fr-CA\",\"@id\":\"https:\\\/\\\/secure.gravatar.com\\\/avatar\\\/726372739e3028e6ca07e71a5a665bf474180b47d5029db520b7a413b0d6ddfa?s=96&d=mm&r=g\",\"url\":\"https:\\\/\\\/secure.gravatar.com\\\/avatar\\\/726372739e3028e6ca07e71a5a665bf474180b47d5029db520b7a413b0d6ddfa?s=96&d=mm&r=g\",\"contentUrl\":\"https:\\\/\\\/secure.gravatar.com\\\/avatar\\\/726372739e3028e6ca07e71a5a665bf474180b47d5029db520b7a413b0d6ddfa?s=96&d=mm&r=g\",\"caption\":\"Ryan T\"},\"url\":\"https:\\\/\\\/firstaidcanada.com\\\/fr\\\/author\\\/ryanpixelcarve-com\\\/\"}]}<\/script>\n<!-- \/ Yoast SEO plugin. -->","yoast_head_json":{"title":"Formation priv\u00e9e en secourisme : S\u00e9curit\u00e9 personnalis\u00e9e pour les familles et les petits groupes - Premiers secours Canada","robots":{"index":"index","follow":"follow","max-snippet":"max-snippet:-1","max-image-preview":"max-image-preview:large","max-video-preview":"max-video-preview:-1"},"canonical":"https:\/\/firstaidcanada.com\/fr\/private-first-aid-training-personalized-safety-for-families-small-groups\/","og_locale":"fr_CA","og_type":"article","og_title":"Private First Aid Training: Personalized Safety for Families & Small Groups - First Aid Canada","og_description":"Life is unpredictable, and if you how to respond in an emergency can save lives. Private First Aid Training offers a personal, hands-on way to learn critical skills, tailored to your family or small group\u2019s needs. First Aid Canada creates a supportive, engaging environment to help you feel ready for anything. The Benefits of PrivateContinue reading \"Private First Aid Training: Personalized Safety for Families &#038; Small Groups\"","og_url":"https:\/\/firstaidcanada.com\/fr\/private-first-aid-training-personalized-safety-for-families-small-groups\/","og_site_name":"First Aid Canada","article_publisher":"https:\/\/www.facebook.com\/FirstAidCanada","article_published_time":"2025-07-08T07:26:54+00:00","article_modified_time":"2025-08-06T11:18:00+00:00","og_image":[{"width":700,"height":393,"url":"https:\/\/firstaidcanada.com\/wp-content\/uploads\/2025\/07\/749243264-04-private-first-aid-training-personalized-safety-for-families-small-groups.webp","type":"image\/webp"}],"author":"Ryan T","twitter_card":"summary_large_image","twitter_creator":"@firstaidcanada","twitter_site":"@firstaidcanada","twitter_misc":{"Written by":"Ryan T","Est. reading time":"6 minutes"},"schema":{"@context":"https:\/\/schema.org","@graph":[{"@type":"Article","@id":"https:\/\/firstaidcanada.com\/private-first-aid-training-personalized-safety-for-families-small-groups\/#article","isPartOf":{"@id":"https:\/\/firstaidcanada.com\/private-first-aid-training-personalized-safety-for-families-small-groups\/"},"author":{"name":"Ryan T","@id":"https:\/\/www.firstaidcanada.com\/#\/schema\/person\/f9b0096a824f637ae0f9e6189dd8fbc4"},"headline":"Private First Aid Training: Personalized Safety for Families &#038; Small Groups","datePublished":"2025-07-08T07:26:54+00:00","dateModified":"2025-08-06T11:18:00+00:00","mainEntityOfPage":{"@id":"https:\/\/firstaidcanada.com\/private-first-aid-training-personalized-safety-for-families-small-groups\/"},"wordCount":1202,"publisher":{"@id":"https:\/\/www.firstaidcanada.com\/#organization"},"image":{"@id":"https:\/\/firstaidcanada.com\/private-first-aid-training-personalized-safety-for-families-small-groups\/#primaryimage"},"thumbnailUrl":"https:\/\/firstaidcanada.com\/wp-content\/uploads\/2025\/07\/749243264-04-private-first-aid-training-personalized-safety-for-families-small-groups.webp","articleSection":["Blog","First Aid"],"inLanguage":"fr-CA"},{"@type":"WebPage","@id":"https:\/\/firstaidcanada.com\/private-first-aid-training-personalized-safety-for-families-small-groups\/","url":"https:\/\/firstaidcanada.com\/private-first-aid-training-personalized-safety-for-families-small-groups\/","name":"Formation priv\u00e9e en secourisme : S\u00e9curit\u00e9 personnalis\u00e9e pour les familles et les petits groupes - Premiers secours Canada","isPartOf":{"@id":"https:\/\/www.firstaidcanada.com\/#website"},"primaryImageOfPage":{"@id":"https:\/\/firstaidcanada.com\/private-first-aid-training-personalized-safety-for-families-small-groups\/#primaryimage"},"image":{"@id":"https:\/\/firstaidcanada.com\/private-first-aid-training-personalized-safety-for-families-small-groups\/#primaryimage"},"thumbnailUrl":"https:\/\/firstaidcanada.com\/wp-content\/uploads\/2025\/07\/749243264-04-private-first-aid-training-personalized-safety-for-families-small-groups.webp","datePublished":"2025-07-08T07:26:54+00:00","dateModified":"2025-08-06T11:18:00+00:00","breadcrumb":{"@id":"https:\/\/firstaidcanada.com\/private-first-aid-training-personalized-safety-for-families-small-groups\/#breadcrumb"},"inLanguage":"fr-CA","potentialAction":[{"@type":"ReadAction","target":["https:\/\/firstaidcanada.com\/private-first-aid-training-personalized-safety-for-families-small-groups\/"]}]},{"@type":"ImageObject","inLanguage":"fr-CA","@id":"https:\/\/firstaidcanada.com\/private-first-aid-training-personalized-safety-for-families-small-groups\/#primaryimage","url":"https:\/\/firstaidcanada.com\/wp-content\/uploads\/2025\/07\/749243264-04-private-first-aid-training-personalized-safety-for-families-small-groups.webp","contentUrl":"https:\/\/firstaidcanada.com\/wp-content\/uploads\/2025\/07\/749243264-04-private-first-aid-training-personalized-safety-for-families-small-groups.webp","width":700,"height":393,"caption":"264-04-private-first-aid-training-personalized-safety-for-families-small-groups - first aid training equipment"},{"@type":"BreadcrumbList","@id":"https:\/\/firstaidcanada.com\/private-first-aid-training-personalized-safety-for-families-small-groups\/#breadcrumb","itemListElement":[{"@type":"ListItem","position":1,"name":"Home","item":"https:\/\/firstaidcanada.com\/"},{"@type":"ListItem","position":2,"name":"Private First Aid Training: Personalized Safety for Families &#038; Small Groups"}]},{"@type":"WebSite","@id":"https:\/\/www.firstaidcanada.com\/#website","url":"https:\/\/www.firstaidcanada.com\/","name":"Premiers secours Canada","description":"La vie est pr\u00e9cieuse. Soyez pr\u00eat.","publisher":{"@id":"https:\/\/www.firstaidcanada.com\/#organization"},"potentialAction":[{"@type":"SearchAction","target":{"@type":"EntryPoint","urlTemplate":"https:\/\/www.firstaidcanada.com\/?s={search_term_string}"},"query-input":{"@type":"PropertyValueSpecification","valueRequired":true,"valueName":"search_term_string"}}],"inLanguage":"fr-CA"},{"@type":"Organization","@id":"https:\/\/www.firstaidcanada.com\/#organization","name":"Premiers secours Canada","url":"https:\/\/www.firstaidcanada.com\/","logo":{"@type":"ImageObject","inLanguage":"fr-CA","@id":"https:\/\/www.firstaidcanada.com\/#\/schema\/logo\/image\/","url":"https:\/\/www.firstaidcanada.com\/wp-content\/uploads\/2026\/03\/logo-share-fac.png","contentUrl":"https:\/\/www.firstaidcanada.com\/wp-content\/uploads\/2026\/03\/logo-share-fac.png","width":696,"height":696,"caption":"First Aid Canada"},"image":{"@id":"https:\/\/www.firstaidcanada.com\/#\/schema\/logo\/image\/"},"sameAs":["https:\/\/www.facebook.com\/FirstAidCanada","https:\/\/x.com\/firstaidcanada","https:\/\/www.instagram.com\/firstaidcanada\/","https:\/\/www.linkedin.com\/company\/first-aid-canada"]},{"@type":"Person","@id":"https:\/\/www.firstaidcanada.com\/#\/schema\/person\/f9b0096a824f637ae0f9e6189dd8fbc4","name":"Ryan T","image":{"@type":"ImageObject","inLanguage":"fr-CA","@id":"https:\/\/secure.gravatar.com\/avatar\/726372739e3028e6ca07e71a5a665bf474180b47d5029db520b7a413b0d6ddfa?s=96&d=mm&r=g","url":"https:\/\/secure.gravatar.com\/avatar\/726372739e3028e6ca07e71a5a665bf474180b47d5029db520b7a413b0d6ddfa?s=96&d=mm&r=g","contentUrl":"https:\/\/secure.gravatar.com\/avatar\/726372739e3028e6ca07e71a5a665bf474180b47d5029db520b7a413b0d6ddfa?s=96&d=mm&r=g","caption":"Ryan T"},"url":"https:\/\/firstaidcanada.com\/fr\/author\/ryanpixelcarve-com\/"}]}},"_links":{"self":[{"href":"https:\/\/firstaidcanada.com\/fr\/wp-json\/wp\/v2\/posts\/56463","targetHints":{"allow":["GET"]}}],"collection":[{"href":"https:\/\/firstaidcanada.com\/fr\/wp-json\/wp\/v2\/posts"}],"about":[{"href":"https:\/\/firstaidcanada.com\/fr\/wp-json\/wp\/v2\/types\/post"}],"author":[{"embeddable":true,"href":"https:\/\/firstaidcanada.com\/fr\/wp-json\/wp\/v2\/users\/7265"}],"replies":[{"embeddable":true,"href":"https:\/\/firstaidcanada.com\/fr\/wp-json\/wp\/v2\/comments?post=56463"}],"version-history":[{"count":1,"href":"https:\/\/firstaidcanada.com\/fr\/wp-json\/wp\/v2\/posts\/56463\/revisions"}],"predecessor-version":[{"id":56671,"href":"https:\/\/firstaidcanada.com\/fr\/wp-json\/wp\/v2\/posts\/56463\/revisions\/56671"}],"wp:featuredmedia":[{"embeddable":true,"href":"https:\/\/firstaidcanada.com\/fr\/wp-json\/wp\/v2\/media\/56466"}],"wp:attachment":[{"href":"https:\/\/firstaidcanada.com\/fr\/wp-json\/wp\/v2\/media?parent=56463"}],"wp:term":[{"taxonomy":"category","embeddable":true,"href":"https:\/\/firstaidcanada.com\/fr\/wp-json\/wp\/v2\/categories?post=56463"},{"taxonomy":"post_tag","embeddable":true,"href":"https:\/\/firstaidcanada.com\/fr\/wp-json\/wp\/v2\/tags?post=56463"}],"curies":[{"name":"wp","href":"https:\/\/api.w.org\/{rel}","templated":true}]}}