{"id":61797,"date":"2026-02-05T17:56:48","date_gmt":"2026-02-05T22:56:48","guid":{"rendered":"https:\/\/firstaidcanada.com\/why-awareness-matters-as-much-as-preparedness\/"},"modified":"2026-02-05T17:56:48","modified_gmt":"2026-02-05T22:56:48","slug":"why-awareness-matters-as-much-as-preparedness","status":"publish","type":"post","link":"https:\/\/firstaidcanada.com\/fr\/why-awareness-matters-as-much-as-preparedness\/","title":{"rendered":"Pourquoi la sensibilisation est aussi importante que la pr\u00e9paration"},"content":{"rendered":"<p class=\"p1\"><span class=\"s1\">Il y a quelque temps, une histoire a circul\u00e9 \u00e0 propos d&#039;une infirmi\u00e8re qui a fait un infarctus sans aucun des signes avant-coureurs classiques. Son histoire m&#039;a marqu\u00e9e, car elle nous rappelle que les sympt\u00f4mes varient d&#039;une personne \u00e0 l&#039;autre, surtout chez les femmes.<\/span><\/p>\n<p class=\"p1\"><span class=\"s1\">Le t\u00e9moignage de cette infirmi\u00e8re va \u00e0 l&#039;encontre de presque tout ce que les gens imaginent lorsqu&#039;une crise cardiaque se produit.<\/span><\/p>\n<h3 class=\"p1\"><span class=\"s1\">Cela n&#039;a pas commenc\u00e9 par une douleur \u00e0 la poitrine.<\/span><\/h3>\n<p class=\"p1\"><span class=\"s1\">Elle \u00e9tait d&#039;\u00e2ge m\u00fbr. Simplement assise sur le canap\u00e9, elle lisait un livre chez elle. Elle ne faisait pas d&#039;exercice. Elle n&#039;\u00e9tait pas stress\u00e9e. Elle ne faisait rien d&#039;inhabituel.<\/span><\/p>\n<p class=\"p1\"><span class=\"s1\">Cela n&#039;a pas commenc\u00e9 par une douleur \u00e0 la poitrine. Elle n&#039;a ressenti aucune douleur irradiant dans le bras. Rien ne s&#039;est produit qui aurait fait dire \u00e0 la plupart des gens : \u201c C&#039;est une crise cardiaque. \u201d<\/span><\/p>\n<p class=\"p1\"><span class=\"s1\">Tout a commenc\u00e9 par une sensation d&#039;indigestion. Elle a d\u00e9crit une sensation \u00e9trange et d\u00e9sagr\u00e9able dans l&#039;estomac, sans raison apparente. Puis une sensation qui remontait. Elle s&#039;est lev\u00e9e. Elle ne se sentait pas bien. Et puis elle a perdu connaissance.<\/span><\/p>\n<p class=\"p1\"><span class=\"s1\">Elle \u00e9tait seule.<\/span><\/p>\n<p class=\"p1\"><span class=\"s1\">Elle a pu appeler le 911 \u00e0 son r\u00e9veil, puis a d\u00e9verrouill\u00e9 sa porte d&#039;entr\u00e9e et s&#039;est allong\u00e9e par terre comme on le lui avait indiqu\u00e9. Elle a perdu connaissance \u00e0 nouveau et s&#039;est r\u00e9veill\u00e9e \u00e0 l&#039;h\u00f4pital.<\/span><\/p>\n<p class=\"p1\"><span class=\"s1\">C&#039;\u00e9tait sa crise cardiaque.<\/span><\/p>\n<h3 class=\"p1\"><span class=\"s1\">Quand les sympt\u00f4mes ne correspondent pas aux attentes<\/span><\/h3>\n<p class=\"p1\"><span class=\"s1\">Aucun signe avant-coureur alarmant. Aucun des sympt\u00f4mes classiques que l&#039;on associe g\u00e9n\u00e9ralement aux crises cardiaques. Juste un pressentiment que quelque chose n&#039;allait pas.<\/span><\/p>\n<p class=\"p1\"><span class=\"s1\">Chez la femme, les sympt\u00f4mes d&#039;une crise cardiaque peuvent \u00eatre totalement diff\u00e9rents de ce \u00e0 quoi on s&#039;attend. Et lorsque les personnes ne reconnaissent pas ce qui se passe, les secours sont retard\u00e9s.<\/span><\/p>\n<p class=\"p1\"><span class=\"s1\">Au travail comme \u00e0 la maison, ces moments sont souvent minimis\u00e9s et attribu\u00e9s \u00e0 une indigestion, au stress, \u00e0 la fatigue, ou \u00e0 \u201c rien de grave \u201d. Et parfois, ce d\u00e9lai fait toute la diff\u00e9rence.<\/span><\/p>\n<h3 class=\"p1\"><span class=\"s1\">La pr\u00e9paration ne se limite pas \u00e0 l&#039;\u00e9quipement.<\/span><\/h3>\n<p class=\"p1\"><span class=\"s1\">La pr\u00e9paration ne se limite pas aux d\u00e9fibrillateurs automatis\u00e9s externes (DAE) et \u00e0 la formation. Elle passe aussi par la vigilance et la compr\u00e9hension que les urgences cardiaques ne suivent pas toujours un sc\u00e9nario pr\u00e9visible. Il est important d&#039;\u00e9couter son corps lorsqu&#039;on ressent quelque chose d&#039;anormal.<\/span><\/p>\n<p class=\"p1\"><span class=\"s1\">Si quelque chose vous semble anormal, c&#039;est une raison suffisante pour agir.<\/span><\/p>\n<p class=\"p1\"><span class=\"s1\">Plus les gens comprendront cela, plus les chances d&#039;une r\u00e9ponse rapide seront grandes.<\/span><\/p>\n<h3 class=\"p1\"><span class=\"s1\">\u00c9coutez votre corps<\/span><\/h3>\n<p class=\"p1\"><span class=\"s1\">Une crise cardiaque peut survenir m\u00eame en \u00e9tant assis sur un canap\u00e9 \u00e0 lire un livre. Elle peut d\u00e9buter par une indigestion. Elle peut se manifester sans douleur thoracique, ni douleur au bras, ni aucun des signes classiques.<\/span><\/p>\n<p class=\"p1\"><span class=\"s1\">Si vous ressentez quelque chose qui ne va pas dans votre corps, faites confiance \u00e0 votre intuition. Demandez de l&#039;aide. N&#039;attendez pas que les sympt\u00f4mes correspondent \u00e0 ce que vous imaginez.<\/span><\/p>\n<p class=\"p1\"><span class=\"s1\">Car parfois, le signe avant-coureur est tout simplement le sentiment que quelque chose ne va pas.<br \/>\n<\/span><\/p>\n<h3 class=\"p1\"><span class=\"s1\">Soyez pr\u00eat \u00e0 reconna\u00eetre et \u00e0 r\u00e9agir<\/span><\/h3>\n<p class=\"p1\"><span class=\"s1\">Chez Premiers soins Canada, nous croyons que la pr\u00e9paration englobe \u00e0 la fois les outils et les connaissances n\u00e9cessaires pour intervenir efficacement en cas d&#039;urgence. Nos programmes de formation vont au-del\u00e0 de la RCR et de l&#039;utilisation d&#039;un DEA. Nous aidons les \u00e9quipes \u00e0 reconna\u00eetre les signes d&#039;un arr\u00eat cardiaque, \u00e0 comprendre que les sympt\u00f4mes peuvent varier et \u00e0 acqu\u00e9rir la confiance n\u00e9cessaire pour agir rapidement.<\/span><\/p>\n<p class=\"p1\"><span class=\"s1\">Que vous souhaitiez former votre \u00e9quipe sur votre lieu de travail ou \u00e9quiper vos installations avec le mat\u00e9riel d&#039;urgence ad\u00e9quat, nous sommes l\u00e0 pour vous aider \u00e0 vous pr\u00e9parer \u00e0 la r\u00e9alit\u00e9, et pas seulement aux sc\u00e9narios th\u00e9oriques.<\/span><\/p>\n<p class=\"p1\"><span class=\"s1\"><strong><a href=\"https:\/\/firstaidcanada.com\/fr\/contact\/\">Contactez-nous d\u00e8s aujourd&#039;hui<\/a><\/strong>. Assurons-nous que votre \u00e9quipe est pr\u00eate \u00e0 sauver des vies.<\/span><\/p>\n<p class=\"p1\"><span class=\"s1\">\u00a0<\/span><\/p>","protected":false},"excerpt":{"rendered":"<p>Il y a quelque temps, une histoire a circul\u00e9 \u00e0 propos d&#039;une infirmi\u00e8re qui a fait un infarctus sans aucun des signes avant-coureurs classiques. Son histoire m&#039;a marqu\u00e9e, car elle nous rappelle que les sympt\u00f4mes varient d&#039;une personne \u00e0 l&#039;autre, surtout chez les femmes. Le t\u00e9moignage de cette infirmi\u00e8re remet en question presque toutes les id\u00e9es re\u00e7ues sur un infarctus.<a href=\"https:\/\/firstaidcanada.com\/fr\/why-awareness-matters-as-much-as-preparedness\/\">Poursuivez votre lecture <span class=\"sr-only\">&#8220;Why Awareness Matters as Much as Preparedness&#8221;<\/span><\/a><\/p>","protected":false},"author":2154,"featured_media":61798,"comment_status":"open","ping_status":"open","sticky":false,"template":"","format":"standard","meta":{"_acf_changed":false,"ep_exclude_from_search":false,"footnotes":""},"categories":[1482],"tags":[],"class_list":["post-61797","post","type-post","status-publish","format-standard","has-post-thumbnail","hentry","category-blog"],"acf":[],"yoast_head":"<!-- This site is optimized with the Yoast SEO plugin v28.2 - https:\/\/yoast.com\/product\/yoast-seo-wordpress\/ -->\n<title>Why Awareness Matters as Much as Preparedness - First Aid Canada<\/title>\n<meta name=\"robots\" content=\"index, follow, max-snippet:-1, max-image-preview:large, max-video-preview:-1\" \/>\n<link rel=\"canonical\" href=\"http:\/\/live-first-aid-canada.pantheonsite.io\/why-awareness-matters-as-much-as-preparedness\/\" \/>\n<meta property=\"og:locale\" content=\"fr_CA\" \/>\n<meta property=\"og:type\" content=\"article\" \/>\n<meta property=\"og:title\" content=\"Why Awareness Matters as Much as Preparedness - First Aid Canada\" \/>\n<meta property=\"og:description\" content=\"There was a story circulating a while back about a nurse who had a heart attack without any of the classic warning signs. Her story stuck with me, because it&#8217;s a reminder that not everyone has the same symptoms, especially women. That nurse&#8217;s story goes against almost everything people think a heart attack is supposedContinue reading &quot;Why Awareness Matters as Much as Preparedness&quot;\" \/>\n<meta property=\"og:url\" content=\"http:\/\/live-first-aid-canada.pantheonsite.io\/why-awareness-matters-as-much-as-preparedness\/\" \/>\n<meta property=\"og:site_name\" content=\"First Aid Canada\" \/>\n<meta property=\"article:publisher\" content=\"https:\/\/www.facebook.com\/FirstAidCanada\" \/>\n<meta property=\"article:published_time\" content=\"2026-02-05T22:56:48+00:00\" \/>\n<meta property=\"og:image\" content=\"http:\/\/live-first-aid-canada.pantheonsite.io\/wp-content\/uploads\/2026\/03\/01.webp\" \/>\n\t<meta property=\"og:image:width\" content=\"500\" \/>\n\t<meta property=\"og:image:height\" content=\"281\" \/>\n\t<meta property=\"og:image:type\" content=\"image\/webp\" \/>\n<meta name=\"author\" content=\"Aaron\" \/>\n<meta name=\"twitter:card\" content=\"summary_large_image\" \/>\n<meta name=\"twitter:creator\" content=\"@firstaidcanada\" \/>\n<meta name=\"twitter:site\" content=\"@firstaidcanada\" \/>\n<meta name=\"twitter:label1\" content=\"Written by\" \/>\n\t<meta name=\"twitter:data1\" content=\"Aaron\" \/>\n\t<meta name=\"twitter:label2\" content=\"Est. reading time\" \/>\n\t<meta name=\"twitter:data2\" content=\"3 minutes\" \/>\n<script type=\"application\/ld+json\" class=\"yoast-schema-graph\">{\"@context\":\"https:\\\/\\\/schema.org\",\"@graph\":[{\"@type\":\"Article\",\"@id\":\"http:\\\/\\\/live-first-aid-canada.pantheonsite.io\\\/why-awareness-matters-as-much-as-preparedness\\\/#article\",\"isPartOf\":{\"@id\":\"http:\\\/\\\/live-first-aid-canada.pantheonsite.io\\\/why-awareness-matters-as-much-as-preparedness\\\/\"},\"author\":{\"name\":\"Aaron\",\"@id\":\"https:\\\/\\\/www.firstaidcanada.com\\\/#\\\/schema\\\/person\\\/dd610adea3169aee41212e02b6b2fe9f\"},\"headline\":\"Why Awareness Matters as Much as Preparedness\",\"datePublished\":\"2026-02-05T22:56:48+00:00\",\"mainEntityOfPage\":{\"@id\":\"http:\\\/\\\/live-first-aid-canada.pantheonsite.io\\\/why-awareness-matters-as-much-as-preparedness\\\/\"},\"wordCount\":541,\"commentCount\":0,\"publisher\":{\"@id\":\"https:\\\/\\\/www.firstaidcanada.com\\\/#organization\"},\"image\":{\"@id\":\"http:\\\/\\\/live-first-aid-canada.pantheonsite.io\\\/why-awareness-matters-as-much-as-preparedness\\\/#primaryimage\"},\"thumbnailUrl\":\"https:\\\/\\\/firstaidcanada.com\\\/wp-content\\\/uploads\\\/2026\\\/03\\\/01.webp\",\"articleSection\":[\"Blog\"],\"inLanguage\":\"fr-CA\",\"potentialAction\":[{\"@type\":\"CommentAction\",\"name\":\"Comment\",\"target\":[\"http:\\\/\\\/live-first-aid-canada.pantheonsite.io\\\/why-awareness-matters-as-much-as-preparedness\\\/#respond\"]}]},{\"@type\":\"WebPage\",\"@id\":\"http:\\\/\\\/live-first-aid-canada.pantheonsite.io\\\/why-awareness-matters-as-much-as-preparedness\\\/\",\"url\":\"http:\\\/\\\/live-first-aid-canada.pantheonsite.io\\\/why-awareness-matters-as-much-as-preparedness\\\/\",\"name\":\"Why Awareness Matters as Much as Preparedness - First Aid Canada\",\"isPartOf\":{\"@id\":\"https:\\\/\\\/www.firstaidcanada.com\\\/#website\"},\"primaryImageOfPage\":{\"@id\":\"http:\\\/\\\/live-first-aid-canada.pantheonsite.io\\\/why-awareness-matters-as-much-as-preparedness\\\/#primaryimage\"},\"image\":{\"@id\":\"http:\\\/\\\/live-first-aid-canada.pantheonsite.io\\\/why-awareness-matters-as-much-as-preparedness\\\/#primaryimage\"},\"thumbnailUrl\":\"https:\\\/\\\/firstaidcanada.com\\\/wp-content\\\/uploads\\\/2026\\\/03\\\/01.webp\",\"datePublished\":\"2026-02-05T22:56:48+00:00\",\"breadcrumb\":{\"@id\":\"http:\\\/\\\/live-first-aid-canada.pantheonsite.io\\\/why-awareness-matters-as-much-as-preparedness\\\/#breadcrumb\"},\"inLanguage\":\"fr-CA\",\"potentialAction\":[{\"@type\":\"ReadAction\",\"target\":[\"http:\\\/\\\/live-first-aid-canada.pantheonsite.io\\\/why-awareness-matters-as-much-as-preparedness\\\/\"]}]},{\"@type\":\"ImageObject\",\"inLanguage\":\"fr-CA\",\"@id\":\"http:\\\/\\\/live-first-aid-canada.pantheonsite.io\\\/why-awareness-matters-as-much-as-preparedness\\\/#primaryimage\",\"url\":\"https:\\\/\\\/firstaidcanada.com\\\/wp-content\\\/uploads\\\/2026\\\/03\\\/01.webp\",\"contentUrl\":\"https:\\\/\\\/firstaidcanada.com\\\/wp-content\\\/uploads\\\/2026\\\/03\\\/01.webp\",\"width\":500,\"height\":281,\"caption\":\"First aid and safety promotional image - First Aid Canada\"},{\"@type\":\"BreadcrumbList\",\"@id\":\"http:\\\/\\\/live-first-aid-canada.pantheonsite.io\\\/why-awareness-matters-as-much-as-preparedness\\\/#breadcrumb\",\"itemListElement\":[{\"@type\":\"ListItem\",\"position\":1,\"name\":\"Home\",\"item\":\"https:\\\/\\\/firstaidcanada.com\\\/\"},{\"@type\":\"ListItem\",\"position\":2,\"name\":\"Why Awareness Matters as Much as Preparedness\"}]},{\"@type\":\"WebSite\",\"@id\":\"https:\\\/\\\/www.firstaidcanada.com\\\/#website\",\"url\":\"https:\\\/\\\/www.firstaidcanada.com\\\/\",\"name\":\"First Aid Canada\",\"description\":\"Life is Precious. Be Prepared.\",\"publisher\":{\"@id\":\"https:\\\/\\\/www.firstaidcanada.com\\\/#organization\"},\"potentialAction\":[{\"@type\":\"SearchAction\",\"target\":{\"@type\":\"EntryPoint\",\"urlTemplate\":\"https:\\\/\\\/www.firstaidcanada.com\\\/?s={search_term_string}\"},\"query-input\":{\"@type\":\"PropertyValueSpecification\",\"valueRequired\":true,\"valueName\":\"search_term_string\"}}],\"inLanguage\":\"fr-CA\"},{\"@type\":\"Organization\",\"@id\":\"https:\\\/\\\/www.firstaidcanada.com\\\/#organization\",\"name\":\"First Aid Canada\",\"url\":\"https:\\\/\\\/www.firstaidcanada.com\\\/\",\"logo\":{\"@type\":\"ImageObject\",\"inLanguage\":\"fr-CA\",\"@id\":\"https:\\\/\\\/www.firstaidcanada.com\\\/#\\\/schema\\\/logo\\\/image\\\/\",\"url\":\"https:\\\/\\\/www.firstaidcanada.com\\\/wp-content\\\/uploads\\\/2026\\\/03\\\/logo-share-fac.png\",\"contentUrl\":\"https:\\\/\\\/www.firstaidcanada.com\\\/wp-content\\\/uploads\\\/2026\\\/03\\\/logo-share-fac.png\",\"width\":696,\"height\":696,\"caption\":\"First Aid Canada\"},\"image\":{\"@id\":\"https:\\\/\\\/www.firstaidcanada.com\\\/#\\\/schema\\\/logo\\\/image\\\/\"},\"sameAs\":[\"https:\\\/\\\/www.facebook.com\\\/FirstAidCanada\",\"https:\\\/\\\/x.com\\\/firstaidcanada\",\"https:\\\/\\\/www.instagram.com\\\/firstaidcanada\\\/\",\"https:\\\/\\\/www.linkedin.com\\\/company\\\/first-aid-canada\"]},{\"@type\":\"Person\",\"@id\":\"https:\\\/\\\/www.firstaidcanada.com\\\/#\\\/schema\\\/person\\\/dd610adea3169aee41212e02b6b2fe9f\",\"name\":\"Aaron\",\"image\":{\"@type\":\"ImageObject\",\"inLanguage\":\"fr-CA\",\"@id\":\"https:\\\/\\\/secure.gravatar.com\\\/avatar\\\/514a812ed6b1873555aa74247f824fbda4671785184f4fa660d4d19a06b383ec?s=96&d=mm&r=g\",\"url\":\"https:\\\/\\\/secure.gravatar.com\\\/avatar\\\/514a812ed6b1873555aa74247f824fbda4671785184f4fa660d4d19a06b383ec?s=96&d=mm&r=g\",\"contentUrl\":\"https:\\\/\\\/secure.gravatar.com\\\/avatar\\\/514a812ed6b1873555aa74247f824fbda4671785184f4fa660d4d19a06b383ec?s=96&d=mm&r=g\",\"caption\":\"Aaron\"},\"url\":\"https:\\\/\\\/firstaidcanada.com\\\/fr\\\/author\\\/aaron-2\\\/\"}]}<\/script>\n<!-- \/ Yoast SEO plugin. -->","yoast_head_json":{"title":"Why Awareness Matters as Much as Preparedness - First Aid Canada","robots":{"index":"index","follow":"follow","max-snippet":"max-snippet:-1","max-image-preview":"max-image-preview:large","max-video-preview":"max-video-preview:-1"},"canonical":"http:\/\/live-first-aid-canada.pantheonsite.io\/why-awareness-matters-as-much-as-preparedness\/","og_locale":"fr_CA","og_type":"article","og_title":"Why Awareness Matters as Much as Preparedness - First Aid Canada","og_description":"There was a story circulating a while back about a nurse who had a heart attack without any of the classic warning signs. Her story stuck with me, because it&#8217;s a reminder that not everyone has the same symptoms, especially women. That nurse&#8217;s story goes against almost everything people think a heart attack is supposedContinue reading \"Why Awareness Matters as Much as Preparedness\"","og_url":"http:\/\/live-first-aid-canada.pantheonsite.io\/why-awareness-matters-as-much-as-preparedness\/","og_site_name":"First Aid Canada","article_publisher":"https:\/\/www.facebook.com\/FirstAidCanada","article_published_time":"2026-02-05T22:56:48+00:00","og_image":[{"width":500,"height":281,"url":"http:\/\/live-first-aid-canada.pantheonsite.io\/wp-content\/uploads\/2026\/03\/01.webp","type":"image\/webp"}],"author":"Aaron","twitter_card":"summary_large_image","twitter_creator":"@firstaidcanada","twitter_site":"@firstaidcanada","twitter_misc":{"Written by":"Aaron","Est. reading time":"3 minutes"},"schema":{"@context":"https:\/\/schema.org","@graph":[{"@type":"Article","@id":"http:\/\/live-first-aid-canada.pantheonsite.io\/why-awareness-matters-as-much-as-preparedness\/#article","isPartOf":{"@id":"http:\/\/live-first-aid-canada.pantheonsite.io\/why-awareness-matters-as-much-as-preparedness\/"},"author":{"name":"Aaron","@id":"https:\/\/www.firstaidcanada.com\/#\/schema\/person\/dd610adea3169aee41212e02b6b2fe9f"},"headline":"Why Awareness Matters as Much as Preparedness","datePublished":"2026-02-05T22:56:48+00:00","mainEntityOfPage":{"@id":"http:\/\/live-first-aid-canada.pantheonsite.io\/why-awareness-matters-as-much-as-preparedness\/"},"wordCount":541,"commentCount":0,"publisher":{"@id":"https:\/\/www.firstaidcanada.com\/#organization"},"image":{"@id":"http:\/\/live-first-aid-canada.pantheonsite.io\/why-awareness-matters-as-much-as-preparedness\/#primaryimage"},"thumbnailUrl":"https:\/\/firstaidcanada.com\/wp-content\/uploads\/2026\/03\/01.webp","articleSection":["Blog"],"inLanguage":"fr-CA","potentialAction":[{"@type":"CommentAction","name":"Comment","target":["http:\/\/live-first-aid-canada.pantheonsite.io\/why-awareness-matters-as-much-as-preparedness\/#respond"]}]},{"@type":"WebPage","@id":"http:\/\/live-first-aid-canada.pantheonsite.io\/why-awareness-matters-as-much-as-preparedness\/","url":"http:\/\/live-first-aid-canada.pantheonsite.io\/why-awareness-matters-as-much-as-preparedness\/","name":"Why Awareness Matters as Much as Preparedness - First Aid Canada","isPartOf":{"@id":"https:\/\/www.firstaidcanada.com\/#website"},"primaryImageOfPage":{"@id":"http:\/\/live-first-aid-canada.pantheonsite.io\/why-awareness-matters-as-much-as-preparedness\/#primaryimage"},"image":{"@id":"http:\/\/live-first-aid-canada.pantheonsite.io\/why-awareness-matters-as-much-as-preparedness\/#primaryimage"},"thumbnailUrl":"https:\/\/firstaidcanada.com\/wp-content\/uploads\/2026\/03\/01.webp","datePublished":"2026-02-05T22:56:48+00:00","breadcrumb":{"@id":"http:\/\/live-first-aid-canada.pantheonsite.io\/why-awareness-matters-as-much-as-preparedness\/#breadcrumb"},"inLanguage":"fr-CA","potentialAction":[{"@type":"ReadAction","target":["http:\/\/live-first-aid-canada.pantheonsite.io\/why-awareness-matters-as-much-as-preparedness\/"]}]},{"@type":"ImageObject","inLanguage":"fr-CA","@id":"http:\/\/live-first-aid-canada.pantheonsite.io\/why-awareness-matters-as-much-as-preparedness\/#primaryimage","url":"https:\/\/firstaidcanada.com\/wp-content\/uploads\/2026\/03\/01.webp","contentUrl":"https:\/\/firstaidcanada.com\/wp-content\/uploads\/2026\/03\/01.webp","width":500,"height":281,"caption":"First aid and safety promotional image - First Aid Canada"},{"@type":"BreadcrumbList","@id":"http:\/\/live-first-aid-canada.pantheonsite.io\/why-awareness-matters-as-much-as-preparedness\/#breadcrumb","itemListElement":[{"@type":"ListItem","position":1,"name":"Home","item":"https:\/\/firstaidcanada.com\/"},{"@type":"ListItem","position":2,"name":"Why Awareness Matters as Much as Preparedness"}]},{"@type":"WebSite","@id":"https:\/\/www.firstaidcanada.com\/#website","url":"https:\/\/www.firstaidcanada.com\/","name":"Premiers secours Canada","description":"La vie est pr\u00e9cieuse. Soyez pr\u00eat.","publisher":{"@id":"https:\/\/www.firstaidcanada.com\/#organization"},"potentialAction":[{"@type":"SearchAction","target":{"@type":"EntryPoint","urlTemplate":"https:\/\/www.firstaidcanada.com\/?s={search_term_string}"},"query-input":{"@type":"PropertyValueSpecification","valueRequired":true,"valueName":"search_term_string"}}],"inLanguage":"fr-CA"},{"@type":"Organization","@id":"https:\/\/www.firstaidcanada.com\/#organization","name":"Premiers secours Canada","url":"https:\/\/www.firstaidcanada.com\/","logo":{"@type":"ImageObject","inLanguage":"fr-CA","@id":"https:\/\/www.firstaidcanada.com\/#\/schema\/logo\/image\/","url":"https:\/\/www.firstaidcanada.com\/wp-content\/uploads\/2026\/03\/logo-share-fac.png","contentUrl":"https:\/\/www.firstaidcanada.com\/wp-content\/uploads\/2026\/03\/logo-share-fac.png","width":696,"height":696,"caption":"First Aid Canada"},"image":{"@id":"https:\/\/www.firstaidcanada.com\/#\/schema\/logo\/image\/"},"sameAs":["https:\/\/www.facebook.com\/FirstAidCanada","https:\/\/x.com\/firstaidcanada","https:\/\/www.instagram.com\/firstaidcanada\/","https:\/\/www.linkedin.com\/company\/first-aid-canada"]},{"@type":"Person","@id":"https:\/\/www.firstaidcanada.com\/#\/schema\/person\/dd610adea3169aee41212e02b6b2fe9f","name":"Aaron","image":{"@type":"ImageObject","inLanguage":"fr-CA","@id":"https:\/\/secure.gravatar.com\/avatar\/514a812ed6b1873555aa74247f824fbda4671785184f4fa660d4d19a06b383ec?s=96&d=mm&r=g","url":"https:\/\/secure.gravatar.com\/avatar\/514a812ed6b1873555aa74247f824fbda4671785184f4fa660d4d19a06b383ec?s=96&d=mm&r=g","contentUrl":"https:\/\/secure.gravatar.com\/avatar\/514a812ed6b1873555aa74247f824fbda4671785184f4fa660d4d19a06b383ec?s=96&d=mm&r=g","caption":"Aaron"},"url":"https:\/\/firstaidcanada.com\/fr\/author\/aaron-2\/"}]}},"_links":{"self":[{"href":"https:\/\/firstaidcanada.com\/fr\/wp-json\/wp\/v2\/posts\/61797","targetHints":{"allow":["GET"]}}],"collection":[{"href":"https:\/\/firstaidcanada.com\/fr\/wp-json\/wp\/v2\/posts"}],"about":[{"href":"https:\/\/firstaidcanada.com\/fr\/wp-json\/wp\/v2\/types\/post"}],"author":[{"embeddable":true,"href":"https:\/\/firstaidcanada.com\/fr\/wp-json\/wp\/v2\/users\/2154"}],"replies":[{"embeddable":true,"href":"https:\/\/firstaidcanada.com\/fr\/wp-json\/wp\/v2\/comments?post=61797"}],"version-history":[{"count":0,"href":"https:\/\/firstaidcanada.com\/fr\/wp-json\/wp\/v2\/posts\/61797\/revisions"}],"wp:featuredmedia":[{"embeddable":true,"href":"https:\/\/firstaidcanada.com\/fr\/wp-json\/wp\/v2\/media\/61798"}],"wp:attachment":[{"href":"https:\/\/firstaidcanada.com\/fr\/wp-json\/wp\/v2\/media?parent=61797"}],"wp:term":[{"taxonomy":"category","embeddable":true,"href":"https:\/\/firstaidcanada.com\/fr\/wp-json\/wp\/v2\/categories?post=61797"},{"taxonomy":"post_tag","embeddable":true,"href":"https:\/\/firstaidcanada.com\/fr\/wp-json\/wp\/v2\/tags?post=61797"}],"curies":[{"name":"wp","href":"https:\/\/api.w.org\/{rel}","templated":true}]}}